{"id":1247,"date":"2020-12-10T14:58:00","date_gmt":"2020-12-10T19:58:00","guid":{"rendered":"http:\/\/fnmhf-2025.local\/news-post\/le-fonds-pour-les-logements-du-marche-destines-aux-premieres-nations-presente-son-nouveau-conseil-de-fiduciaires\/"},"modified":"2025-08-27T12:46:09","modified_gmt":"2025-08-27T16:46:09","slug":"first-nations-market-housing-fund-announces-new-board-of-trustees-2","status":"publish","type":"news-post","link":"https:\/\/www.fnmhf.ca\/fr\/news-post\/first-nations-market-housing-fund-announces-new-board-of-trustees-2\/","title":{"rendered":"Le Fonds pour les logements du march\u00e9 destin\u00e9s aux Premi\u00e8res Nations pr\u00e9sente son nouveau conseil de fiduciaires"},"content":{"rendered":"\n<p><strong>OTTAWA, le 10 d\u00e9cembre 2020<\/strong> \u2014 Le Fonds pour les logements du march\u00e9 destin\u00e9s aux Premi\u00e8res Nations (le \u00ab Fonds \u00bb) est heureux d&rsquo;annoncer son nouveau conseil d&rsquo;administration. Les neuf fiduciaires sont des citoyens des Premi\u00e8res Nations; ils tiennent un engagement que l\u2019ancien Conseil des fiduciaires avait obtenu du gouvernement du Canada.<\/p>\n\n<p>Les nouveaux fiduciaires offrent au Conseil une vaste exp\u00e9rience des affaires et des connaissances locales. Ils sont ravis d\u2019avoir l\u2019occasion de renforcer les familles et les collectivit\u00e9s des Premi\u00e8res Nations en \u00e9largissant la port\u00e9e et l\u2019incidence du Fonds.<\/p>\n\n<p>Les nouveaux fiduciaires se concentrent sur les le\u00e7ons tir\u00e9es du pass\u00e9, cherchent \u00e0 b\u00e2tir la confiance \u00e0 l\u2019\u00e9gard du pr\u00e9sent et veillent \u00e0 cr\u00e9er un avenir meilleur pour les collectivit\u00e9s des Premi\u00e8res Nations desservies par le Fonds. Au cours de la premi\u00e8re ann\u00e9e de leur mandat, l\u2019un de leurs principaux objectifs consiste \u00e0 \u00e9couter les membres afin de cr\u00e9er et d\u2019actualiser des possibilit\u00e9s qui permettront une plus grande accession \u00e0 la propri\u00e9t\u00e9.<\/p>\n\n<p><em>\u00ab Le travail effectu\u00e9 par le Conseil fondateur constitue une plateforme r\u00e9volutionnaire qui permet \u00e0 nos membres de poss\u00e9der une maison dans leur collectivit\u00e9. Le nouveau Conseil est reconnaissant de la sagesse, du travail acharn\u00e9 et du d\u00e9vouement collectifs des fiduciaires fondateurs et s\u2019engage \u00e0 tirer parti des r\u00e9alisations du Fonds, \u00bb<\/em> a d\u00e9clar\u00e9 <strong>Lydia Hwitsum, nouvelle pr\u00e9sidente du Conseil des fiduciaires.<\/strong>.<\/p>\n\n<p><em>\u00ab Ce conseil de fiduciaires hautement qualifi\u00e9 assurera la supervision du Fonds pour les logements du march\u00e9 destin\u00e9 aux Premi\u00e8res Nations. Par sa gouvernance et son leadership, il dirigera la t\u00e2che importante consistant \u00e0 \u00e9laborer des approches fond\u00e9es sur le march\u00e9 pour les logements situ\u00e9s dans les r\u00e9serves. Il s\u2019agit d\u2019une nouvelle avanc\u00e9e pour rem\u00e9dier aux probl\u00e8mes syst\u00e9miques en mati\u00e8re de logement auxquels font face les collectivit\u00e9s autochtones des r\u00e9serves. Je f\u00e9licite ces nouveaux fiduciaires, dont le vaste \u00e9ventail de comp\u00e9tences et d\u2019exp\u00e9rience est essentiel \u00e0 la r\u00e9ussite du Fonds dans les prochaines ann\u00e9es, \u00bb<\/em> <strong>L\u2019honorable Ahmed Hussen, ministre de la Famille, des Enfants et du D\u00e9veloppement social et ministre responsable de la Soci\u00e9t\u00e9 canadienne d\u2019hypoth\u00e8ques et de logement.<\/strong><\/p>\n\n<p><em>\u00ab F\u00e9licitations au conseil de fiduciaires nouvellement nomm\u00e9! Ses activit\u00e9s seront essentielles pour favoriser les solutions pilot\u00e9es par les Premi\u00e8res Nations en vue d\u2019am\u00e9liorer les conditions de logement dans les collectivit\u00e9s et joueront un r\u00f4le cl\u00e9 pour aider les Premi\u00e8res Nations \u00e0 prendre en main, \u00e0 diriger et \u00e0 g\u00e9rer leurs propres logements, \u00bb<\/em> a ajout\u00e9 <strong>L\u2019honorable Marc Miller, ministre des Services aux Autochtones.<\/strong>.<\/p>\n\n<p>Le Fonds est un outil unique mis au point avec la participation des collectivit\u00e9s et des organisations des Premi\u00e8res Nations de partout au Canada pour soutenir des ententes de financement de maisons dans les r\u00e9serves et sur les terres vis\u00e9es par un r\u00e8glement, selon le cas, tout en permettant de respecter le principe de propri\u00e9t\u00e9 collective des terres. Le m\u00e9canisme d\u2019am\u00e9lioration des modalit\u00e9s de cr\u00e9dit du Fonds a r\u00e9ussi \u00e0 \u00e9tablir un syst\u00e8me qui permet l\u2019accession \u00e0 la propri\u00e9t\u00e9 fond\u00e9e sur des emprunts hypoth\u00e9caires pour les pr\u00eats au logement dans les r\u00e9serves afin de construire, d\u2019acheter ou de r\u00e9nover des maisons individuelles et des immeubles locatifs \u00e0 logements multiples. Il tente de mobiliser 3 milliards de dollars en investissements dans le logement sur les r\u00e9serves.<\/p>\n\n<p>Le programme de d\u00e9veloppement du potentiel offert par le Fonds aide la collectivit\u00e9, les gouvernements et les citoyens des Premi\u00e8res Nations \u00e0 utiliser le m\u00e9canisme d\u2019am\u00e9lioration des modalit\u00e9s de cr\u00e9dit de fa\u00e7on soutenue. L\u2019\u00e9tablissement d\u2019un cadre de gouvernance \u00e9tabli avec des lois, des politiques, des codes et des pratiques clairs, bien compris et appliqu\u00e9s par des personnes qualifi\u00e9es et, surtout, auxquelles les citoyens font confiance, est essentiel pour cr\u00e9er un syst\u00e8me de logement du march\u00e9 ax\u00e9 sur l\u2019accession \u00e0 la propri\u00e9t\u00e9 et ses nombreux avantages. La vaste gamme de produits de d\u00e9veloppement du potentiel du Fonds est adapt\u00e9e aux besoins locaux des Premi\u00e8res Nations afin d\u2019appuyer leur cheminement vers un syst\u00e8me durable de logement du march\u00e9.<\/p>\n\n<p>Le partenariat du Fonds avec 40 % des Premi\u00e8res Nations du Canada a permis d\u2019obtenir pr\u00e8s d\u2019un milliard de dollars en cr\u00e9dit disponible pour financer des pr\u00eats \u00e0 l\u2019habitation. Les fondements du logement du march\u00e9 prennent de l\u2019ampleur dans ces Premi\u00e8res Nations et repr\u00e9sentent une occasion de transformation. Bien que des progr\u00e8s aient \u00e9t\u00e9 r\u00e9alis\u00e9s, il reste encore beaucoup \u00e0 faire pour transformer ce vaste potentiel en accession \u00e0 la propri\u00e9t\u00e9 \u00e0 plus grande \u00e9chelle sur la r\u00e9serve.<\/p>\n\n<p>Pour en savoir plus sur le Fonds pour les logements du march\u00e9 destin\u00e9s aux Premi\u00e8res Nations, consultez le <a href=\"https:\/\/www.fnmhf.ca\/fr\/\">www.flmpn.ca<\/a>.<\/p>\n\n<h2 class=\"wp-block-heading\">Pour de plus amples renseignements sur le pr\u00e9sent communiqu\u00e9 :<\/h2>\n\n<p>Deborah Taylor<br\/>Directrice ex\u00e9cutive<br\/>Fonds pour les logements du march\u00e9 destin\u00e9s aux Premi\u00e8res Nations<br\/><a href=\"mailto:dtaylor@fnmhf.ca\">dtaylor@fnmhf.ca<\/a><br\/>613-740-9931<\/p>\n\n<h2 class=\"wp-block-heading\">Profils des membres du Conseil des fiduciaires 2020 &#8211; Fonds pour les logements du march\u00e9 destin\u00e9s aux Premi\u00e8res Nations<\/h2>\n\n<p><strong>Lydia Hwitsum, LL. B. (C.-B.)<\/strong> (Pr\u00e9sidente) \u2013 Mme Hwitsum est une citoyenne de la Nation Cowichan, ce qui lui permet d\u2019\u00e9tablir un lien profond avec colleles nations autochtones et d\u2019en comprendre l\u2019importance. Elle a \u00e9t\u00e9 chef \u00e9lue des tribus Cowichan pendant huit ans (1997-2001 et 2007-2011). Elle a travaill\u00e9 et milit\u00e9 \u00e0 l\u2019\u00e9chelle locale, nationale et internationale \u00e0 l\u2019Instance permanente des Nations Unies sur les droits des peuples autochtones et \u00e0 la Commission interam\u00e9ricaine des droits de l\u2019homme de l\u2019Organisation des \u00c9tats am\u00e9ricains.<\/p>\n\n<p><strong>Peter Dinsdale M.A., IAS.A<\/strong> (Ontario) (Vice-pr\u00e9sident) \u2013 M. Dinsdale est membre de la Premi\u00e8re Nation de Curve Lake. Fin strat\u00e8ge, il est un cadre ax\u00e9 sur l\u2019action qui s\u2019efforce d\u2019am\u00e9liorer le monde qui l\u2019entoure. En juin 2016, il est devenu pr\u00e9sident-directeur g\u00e9n\u00e9ral de YMCA Canada, o\u00f9 il agit pour \u00e9tablir le Canada que nous voulons au moyen du YMCA dont nous avons besoin. Avant de se joindre \u00e0 YMCA Canada, M. Dinsdale dirigeait l\u2019Assembl\u00e9e des Premi\u00e8res Nations \u00e0 titre de directeur g\u00e9n\u00e9ral. Peter a \u00e9galement pass\u00e9 sept ans en tant que directeur ex\u00e9cutif de l\u2019Association nationale des centres d\u2019amiti\u00e9. En 2018, Peter a re\u00e7u l\u2019Ordre de l\u2019Ontario et, en 2019, il a re\u00e7u un prix Indspire pour son travail dans la fonction publique.<\/p>\n\n<p><strong>John Beaucage B.A., D.Litt. (Ontario)<\/strong> \u2013 En mars 2008, M. Beaucage a \u00e9t\u00e9 nomm\u00e9 premier pr\u00e9sident du Fonds pour les logements du march\u00e9 destin\u00e9s aux Premi\u00e8res Nations, poste qu\u2019il a occup\u00e9 pendant plus de 12 ans. De 2004 \u00e0 2009, il a \u00e9t\u00e9 \u00e9lu chef du Grand conseil de l\u2019Union of Ontario Indians pour servir les 42 Premi\u00e8res Nations de la Nation Anishinabek. Avant 2004, il a \u00e9t\u00e9 chef de la Premi\u00e8re Nation Wasauksing pendant huit ans. Il a jou\u00e9 un r\u00f4le d\u00e9terminant dans la cr\u00e9ation de l\u2019Accord de Kelowna de 2005.<\/p>\n\n<p><strong>Kathleen BlueSky M.B.A.<\/strong> (Manitoba) \u2013 Mme Bluesky est une Nehetho-Anishinabe Iskwew de la Nation crie de Nisichawayasihk. Elle a travaill\u00e9 pendant plus de 20 ans dans le secteur des gouvernements autochtones en mettant l\u2019accent sur la consultation, la mobilisation et le d\u00e9veloppement communautaire. Elle a pass\u00e9 une grande partie de sa carri\u00e8re \u00e0 travailler avec l\u2019Assembl\u00e9e des chefs du Manitoba et Nanaandawewigamig. Elle est actuellement pr\u00e9sidente-directrice g\u00e9n\u00e9rale de son entreprise, Seven Feathers Consulting, qui vise \u00e0 favoriser l\u2019autod\u00e9termination des Premi\u00e8res Nations et le d\u00e9veloppement strat\u00e9gique des entreprises.<\/p>\n\n<p><strong>Stacy McNeil M.B.A., APAA<\/strong> (C.-B.) \u2013 Mme McNeil est membre de la bande de Seabird Island. Elle a travaill\u00e9 pendant 10 ans au soutien aux collectivit\u00e9s des Premi\u00e8res Nations par le d\u00e9veloppement des capacit\u00e9s et le mentorat sur les questions de logement des Premi\u00e8res Nations, notamment en tant que directrice de la gouvernance des terres, directrice des travaux publics et du logement et experte-conseil en mati\u00e8re de logement. Elle a travaill\u00e9 avec 60 collectivit\u00e9s de la Colombie-Britannique sur des questions de logement. Elle dirige le Housing and Infrastructure Council en Colombie-Britannique.<\/p>\n\n<p><strong>Le chef Sidney Peters<\/strong> (Nouvelle-\u00c9cosse) \u2013 Le chef Sidney Peters a \u00e9t\u00e9 \u00e9lu pour la premi\u00e8re fois chef de la Premi\u00e8re Nation de Glooscap en 2012. Il a travaill\u00e9 principalement dans le domaine du logement des Autochtones au sein de divers organismes, notamment la Soci\u00e9t\u00e9 canadienne d\u2019hypoth\u00e8ques et de logement (SCHL) et le Native Council of Nova Scotia (Conseil des Autochtones de la Nouvelle-\u00c9cosse). Il a \u00e9galement travaill\u00e9 \u00e0 la Confederacy of Mainland Mi\u2019kmaq (CMM, Conf\u00e9d\u00e9ration des Mi&rsquo;kmaq de la Nouvelle-\u00c9cosse continentale) \u00e0 titre de gestionnaire des terres, de l\u2019environnement et des ressources naturelles.<\/p>\n\n<p><strong>Michael Rice M.B.A<\/strong> (Qu\u00e9bec) \u2013 M. Rice est n\u00e9 et a grandi \u00e0 Kahnawake et est un Kanien\u2019keha:ka (Mohawk) du clan de l\u2019Ours. Il est fondateur et ex-gestionnaire de la Caisse populaire Kahnawake, la plus grande coop\u00e9rative de cr\u00e9dit autochtone d\u2019Am\u00e9rique du Nord. Pendant plus de 35 ans, il a travaill\u00e9 comme sp\u00e9cialiste de l\u2019acc\u00e8s au capital et du d\u00e9veloppement institutionnel dans les domaines du logement, du commerce, des entreprises en d\u00e9veloppement, du capital-risque et du financement des infrastructures. Il travaille actuellement \u00e0 son compte sous le nom d\u2019ATC Innovators.<\/p>\n\n<p><strong>Jean Vincent M.Sc., FCPA, FCA, GFAA<\/strong> (Qu\u00e9bec) \u2013 M. Vincent est pr\u00e9sident-directeur g\u00e9n\u00e9ral de la Soci\u00e9t\u00e9 de cr\u00e9dit commercial autochtone (SOCCA). La soci\u00e9t\u00e9 propose des financements commerciaux aux entreprises autochtones en d\u00e9marrage ou en expansion. Jean Vincent est \u00e9galement pr\u00e9sident-directeur g\u00e9n\u00e9ral de la Soci\u00e9t\u00e9 d\u2019\u00e9pargne des Autochtones du Canada (S\u00c9DAC). La soci\u00e9t\u00e9 propose aux Autochtones des produits d\u2019\u00e9pargne et des pr\u00eats dans les secteurs immobiliers, institutionnel et commercial. M. Vincent a \u00e9t\u00e9 vice-Grand chef de la Nation huronne-wendat de 2008 \u00e0 2018.<\/p>\n\n<p><strong>Errol Wilson M.B.A., IAS.A (Alberta)<\/strong> \u2013 M. Wilson est un Cri-Ojibway de la Premi\u00e8re Nation de Peguis, au Manitoba. Actuellement r\u00e9sident d\u2019Edmonton, il est gestionnaire, D\u00e9veloppement des capacit\u00e9s, au Conseil de gestion financi\u00e8re des Premi\u00e8res Nations. Il poss\u00e8de de l\u2019exp\u00e9rience en direction d\u2019entreprise, y compris le renforcement des capacit\u00e9s des clients des Premi\u00e8res Nations et le d\u00e9veloppement durable des entrepreneurs.<\/p>\n","protected":false},"excerpt":{"rendered":"<p>OTTAWA, le 10 d\u00e9cembre 2020 \u2014 Le Fonds pour les logements du march\u00e9 destin\u00e9s aux Premi\u00e8res Nations (le \u00ab Fonds \u00bb) est heureux d&rsquo;annoncer son nouveau conseil d&rsquo;administration. Les neuf&#8230;<\/p>\n","protected":false},"featured_media":0,"template":"","meta":{"_acf_changed":false},"is-featured":[],"news-category":[45],"news-type":[],"class_list":["post-1247","news-post","type-news-post","status-publish","hentry","news-category-communiques"],"acf":[],"yoast_head":"<!-- This site is optimized with the Yoast SEO plugin v27.4 - https:\/\/yoast.com\/product\/yoast-seo-wordpress\/ -->\n<title>Le Fonds pour les logements du march\u00e9 destin\u00e9s aux Premi\u00e8res Nations pr\u00e9sente son nouveau conseil de fiduciaires | Fonds pour les habitations du march\u00e9 des Premi\u00e8res Nations<\/title>\n<meta name=\"robots\" content=\"index, follow, max-snippet:-1, max-image-preview:large, max-video-preview:-1\" \/>\n<link rel=\"canonical\" href=\"https:\/\/www.fnmhf.ca\/news-post\/first-nations-market-housing-fund-announces-new-board-of-trustees\/\" \/>\n<meta property=\"og:locale\" content=\"fr_FR\" \/>\n<meta property=\"og:type\" content=\"article\" \/>\n<meta property=\"og:title\" content=\"Le Fonds pour les logements du march\u00e9 destin\u00e9s aux Premi\u00e8res Nations pr\u00e9sente son nouveau conseil de fiduciaires | Fonds pour les habitations du march\u00e9 des Premi\u00e8res Nations\" \/>\n<meta property=\"og:description\" content=\"OTTAWA, le 10 d\u00e9cembre 2020 \u2014 Le Fonds pour les logements du march\u00e9 destin\u00e9s aux Premi\u00e8res Nations (le \u00ab Fonds \u00bb) est heureux d&rsquo;annoncer son nouveau conseil d&rsquo;administration. Les neuf...\" \/>\n<meta property=\"og:url\" content=\"https:\/\/www.fnmhf.ca\/news-post\/first-nations-market-housing-fund-announces-new-board-of-trustees\/\" \/>\n<meta property=\"og:site_name\" content=\"Fonds pour les habitations du march\u00e9 des Premi\u00e8res Nations\" \/>\n<meta property=\"article:modified_time\" content=\"2025-08-27T16:46:09+00:00\" \/>\n<meta name=\"twitter:card\" content=\"summary_large_image\" \/>\n<meta name=\"twitter:label1\" content=\"Est. reading time\" \/>\n\t<meta name=\"twitter:data1\" content=\"9 minutes\" \/>\n<script type=\"application\/ld+json\" class=\"yoast-schema-graph\">{\"@context\":\"https:\\\/\\\/schema.org\",\"@graph\":[{\"@type\":\"WebPage\",\"@id\":\"https:\\\/\\\/www.fnmhf.ca\\\/news-post\\\/first-nations-market-housing-fund-announces-new-board-of-trustees\\\/\",\"url\":\"https:\\\/\\\/www.fnmhf.ca\\\/news-post\\\/first-nations-market-housing-fund-announces-new-board-of-trustees\\\/\",\"name\":\"Le Fonds pour les logements du march\u00e9 destin\u00e9s aux Premi\u00e8res Nations pr\u00e9sente son nouveau conseil de fiduciaires | Fonds pour les habitations du march\u00e9 des Premi\u00e8res Nations\",\"isPartOf\":{\"@id\":\"https:\\\/\\\/www.fnmhf.ca\\\/#website\"},\"datePublished\":\"2020-12-10T19:58:00+00:00\",\"dateModified\":\"2025-08-27T16:46:09+00:00\",\"breadcrumb\":{\"@id\":\"https:\\\/\\\/www.fnmhf.ca\\\/news-post\\\/first-nations-market-housing-fund-announces-new-board-of-trustees\\\/#breadcrumb\"},\"inLanguage\":\"fr-FR\",\"potentialAction\":[{\"@type\":\"ReadAction\",\"target\":[\"https:\\\/\\\/www.fnmhf.ca\\\/news-post\\\/first-nations-market-housing-fund-announces-new-board-of-trustees\\\/\"]}]},{\"@type\":\"BreadcrumbList\",\"@id\":\"https:\\\/\\\/www.fnmhf.ca\\\/news-post\\\/first-nations-market-housing-fund-announces-new-board-of-trustees\\\/#breadcrumb\",\"itemListElement\":[{\"@type\":\"ListItem\",\"position\":1,\"name\":\"Accueil\",\"item\":\"https:\\\/\\\/www.fnmhf.ca\\\/fr\\\/\"},{\"@type\":\"ListItem\",\"position\":2,\"name\":\"News\",\"item\":\"https:\\\/\\\/www.fnmhf.ca\\\/news-post\\\/\"},{\"@type\":\"ListItem\",\"position\":3,\"name\":\"Le Fonds pour les logements du march\u00e9 destin\u00e9s aux Premi\u00e8res Nations pr\u00e9sente son nouveau conseil de fiduciaires\"}]},{\"@type\":\"WebSite\",\"@id\":\"https:\\\/\\\/www.fnmhf.ca\\\/#website\",\"url\":\"https:\\\/\\\/www.fnmhf.ca\\\/\",\"name\":\"Fonds pour les habitations du march\u00e9 des Premi\u00e8res Nations\",\"description\":\"\",\"potentialAction\":[{\"@type\":\"SearchAction\",\"target\":{\"@type\":\"EntryPoint\",\"urlTemplate\":\"https:\\\/\\\/www.fnmhf.ca\\\/?s={search_term_string}\"},\"query-input\":{\"@type\":\"PropertyValueSpecification\",\"valueRequired\":true,\"valueName\":\"search_term_string\"}}],\"inLanguage\":\"fr-FR\"}]}<\/script>\n<!-- \/ Yoast SEO plugin. -->","yoast_head_json":{"title":"Le Fonds pour les logements du march\u00e9 destin\u00e9s aux Premi\u00e8res Nations pr\u00e9sente son nouveau conseil de fiduciaires | Fonds pour les habitations du march\u00e9 des Premi\u00e8res Nations","robots":{"index":"index","follow":"follow","max-snippet":"max-snippet:-1","max-image-preview":"max-image-preview:large","max-video-preview":"max-video-preview:-1"},"canonical":"https:\/\/www.fnmhf.ca\/news-post\/first-nations-market-housing-fund-announces-new-board-of-trustees\/","og_locale":"fr_FR","og_type":"article","og_title":"Le Fonds pour les logements du march\u00e9 destin\u00e9s aux Premi\u00e8res Nations pr\u00e9sente son nouveau conseil de fiduciaires | Fonds pour les habitations du march\u00e9 des Premi\u00e8res Nations","og_description":"OTTAWA, le 10 d\u00e9cembre 2020 \u2014 Le Fonds pour les logements du march\u00e9 destin\u00e9s aux Premi\u00e8res Nations (le \u00ab Fonds \u00bb) est heureux d&rsquo;annoncer son nouveau conseil d&rsquo;administration. Les neuf...","og_url":"https:\/\/www.fnmhf.ca\/news-post\/first-nations-market-housing-fund-announces-new-board-of-trustees\/","og_site_name":"Fonds pour les habitations du march\u00e9 des Premi\u00e8res Nations","article_modified_time":"2025-08-27T16:46:09+00:00","twitter_card":"summary_large_image","twitter_misc":{"Est. reading time":"9 minutes"},"schema":{"@context":"https:\/\/schema.org","@graph":[{"@type":"WebPage","@id":"https:\/\/www.fnmhf.ca\/news-post\/first-nations-market-housing-fund-announces-new-board-of-trustees\/","url":"https:\/\/www.fnmhf.ca\/news-post\/first-nations-market-housing-fund-announces-new-board-of-trustees\/","name":"Le Fonds pour les logements du march\u00e9 destin\u00e9s aux Premi\u00e8res Nations pr\u00e9sente son nouveau conseil de fiduciaires | Fonds pour les habitations du march\u00e9 des Premi\u00e8res Nations","isPartOf":{"@id":"https:\/\/www.fnmhf.ca\/#website"},"datePublished":"2020-12-10T19:58:00+00:00","dateModified":"2025-08-27T16:46:09+00:00","breadcrumb":{"@id":"https:\/\/www.fnmhf.ca\/news-post\/first-nations-market-housing-fund-announces-new-board-of-trustees\/#breadcrumb"},"inLanguage":"fr-FR","potentialAction":[{"@type":"ReadAction","target":["https:\/\/www.fnmhf.ca\/news-post\/first-nations-market-housing-fund-announces-new-board-of-trustees\/"]}]},{"@type":"BreadcrumbList","@id":"https:\/\/www.fnmhf.ca\/news-post\/first-nations-market-housing-fund-announces-new-board-of-trustees\/#breadcrumb","itemListElement":[{"@type":"ListItem","position":1,"name":"Accueil","item":"https:\/\/www.fnmhf.ca\/fr\/"},{"@type":"ListItem","position":2,"name":"News","item":"https:\/\/www.fnmhf.ca\/news-post\/"},{"@type":"ListItem","position":3,"name":"Le Fonds pour les logements du march\u00e9 destin\u00e9s aux Premi\u00e8res Nations pr\u00e9sente son nouveau conseil de fiduciaires"}]},{"@type":"WebSite","@id":"https:\/\/www.fnmhf.ca\/#website","url":"https:\/\/www.fnmhf.ca\/","name":"Fonds pour les habitations du march\u00e9 des Premi\u00e8res Nations","description":"","potentialAction":[{"@type":"SearchAction","target":{"@type":"EntryPoint","urlTemplate":"https:\/\/www.fnmhf.ca\/?s={search_term_string}"},"query-input":{"@type":"PropertyValueSpecification","valueRequired":true,"valueName":"search_term_string"}}],"inLanguage":"fr-FR"}]}},"_links":{"self":[{"href":"https:\/\/www.fnmhf.ca\/fr\/wp-json\/wp\/v2\/news-post\/1247","targetHints":{"allow":["GET"]}}],"collection":[{"href":"https:\/\/www.fnmhf.ca\/fr\/wp-json\/wp\/v2\/news-post"}],"about":[{"href":"https:\/\/www.fnmhf.ca\/fr\/wp-json\/wp\/v2\/types\/news-post"}],"version-history":[{"count":0,"href":"https:\/\/www.fnmhf.ca\/fr\/wp-json\/wp\/v2\/news-post\/1247\/revisions"}],"wp:attachment":[{"href":"https:\/\/www.fnmhf.ca\/fr\/wp-json\/wp\/v2\/media?parent=1247"}],"wp:term":[{"taxonomy":"is-featured","embeddable":true,"href":"https:\/\/www.fnmhf.ca\/fr\/wp-json\/wp\/v2\/is-featured?post=1247"},{"taxonomy":"news-category","embeddable":true,"href":"https:\/\/www.fnmhf.ca\/fr\/wp-json\/wp\/v2\/news-category?post=1247"},{"taxonomy":"news-type","embeddable":true,"href":"https:\/\/www.fnmhf.ca\/fr\/wp-json\/wp\/v2\/news-type?post=1247"}],"curies":[{"name":"wp","href":"https:\/\/api.w.org\/{rel}","templated":true}]}}