{"id":12682,"date":"2025-07-23T15:42:00","date_gmt":"2025-07-23T19:42:00","guid":{"rendered":"http:\/\/fnmhf-2025.local\/news-post\/les-revelations-a-linterne-et-les-conseils-de-carriere-dune-stagiaire-devenue-employee-subalterne-pour-le-fonds\/"},"modified":"2025-09-25T15:43:23","modified_gmt":"2025-09-25T19:43:23","slug":"the-inside-scoop-and-career-advice-from-the-funds-intern-turned-junior-staff-2","status":"publish","type":"news-post","link":"https:\/\/www.fnmhf.ca\/fr\/news-post\/the-inside-scoop-and-career-advice-from-the-funds-intern-turned-junior-staff-2\/","title":{"rendered":"Les r\u00e9v\u00e9lations \u00e0 l\u2019interne et les conseils de carri\u00e8re d\u2019une stagiaire devenue employ\u00e9e subalterne pour le Fonds"},"content":{"rendered":"\r\n<p>Dans le <a href=\"https:\/\/fnmhf.us13.list-manage.com\/subscribe?u=ef9511ec45f76e5200445e3d9&amp;id=e3067b7f37\" target=\"_blank\" rel=\"noreferrer noopener\">bulletin Fondations<\/a> de juin 2024, le Fonds pour les habitations du march\u00e9 des Premi\u00e8res Nations (le Fonds) a annonc\u00e9 avec enthousiasme que Ieronhenehtha (Nehtha) Lazore s\u2019\u00e9tait jointe \u00e0 l\u2019\u00e9quipe \u00e0 titre d\u2019agente subalterne des communications. Apr\u00e8s s\u2019\u00eatre d\u00e9marqu\u00e9e en tant que stagiaire d\u00e9vou\u00e9e et talentueuse pendant un an avant d\u2019obtenir son poste permanent \u00e0 temps plein, notre conversation avec Nehtha nous am\u00e8ne \u00e0 l\u2019int\u00e9rieur du Fonds, nous indique en quoi son lien avec le Fonds est personnel, et fournit des conseils pour trouver de l\u2019attrait au d\u00e9but d\u2019une carri\u00e8re prometteuse.<\/p>\r\n\r\n\r\n\r\n<h2 class=\"wp-block-heading\">De simple stagiaire \u00e0 agente \u00e0 l\u2019interne<\/h2>\r\n\r\n\r\n\r\n<p>Curieusement, Ieronhenehtha fait partie de l\u2019\u00e9quipe qui s\u2019emploie \u00e0 donner de la visibilit\u00e9 \u00e0 un organisme indispensable dont elle ne savait rien au d\u00e9part. Elle a entendu parler de l\u2019occasion de stage en communications de la mani\u00e8re traditionnelle, par le bouche-\u00e0-oreille. Travis Seymour, le directeur g\u00e9n\u00e9ral actuel qui est \u00e9galement issu de la Premi\u00e8re Nation des Mohawks d\u2019Akwesasne, en avait parl\u00e9 \u00e0 sa m\u00e8re pendant que Nehtha recherchait activement un emploi d\u2019\u00e9t\u00e9. M.\u00a0Seymour avait int\u00e9gr\u00e9 ses fonctions de directeur g\u00e9n\u00e9ral la m\u00eame ann\u00e9e et avait ajout\u00e9 l\u2019initiative de stages pendant qu\u2019il dirigeait le Fonds.<\/p>\r\n\r\n\r\n\r\n<p>Lorsqu\u2019on lui demande pourquoi le Fonds a un bureau \u00e0 Akwesasne en particulier, Nehtha r\u00e9pond que le Fonds voulait \u00eatre pr\u00e9sent dans la r\u00e9serve afin de mieux servir les collectivit\u00e9s des Premi\u00e8res Nations. Elle souligne que le trajet de 90\u00a0minutes en voiture vers les bureaux nationaux \u00e0 Ottawa ainsi que la proximit\u00e9 du Qu\u00e9bec ont rendu l\u2019emplacement de ce bureau populaire aupr\u00e8s de nombreux organismes nationaux des Premi\u00e8res Nations.<\/p>\r\n\r\n\r\n\r\n<p>L\u2019impression que la jeune professionnelle a du leadership de Seymour, c\u2019est qu\u2019il est enthousiaste \u00e0 l\u2019id\u00e9e d\u2019\u00eatre pr\u00e9sent dans les collectivit\u00e9s et d\u2019employer des Autochtones. Elle pense que sa vision claire contribue \u00e0 un milieu de travail o\u00f9 les membres du personnel s\u2019entendent bien et parle positivement des changements r\u00e9cents. On estime que la moiti\u00e9 du personnel est autochtone, des gens de la Nouvelle-\u00c9cosse, de la Saskatchewan et de la Colombie\u2011Britannique ayant \u00e9largi le bassin d\u2019ant\u00e9c\u00e9dents culturels autochtones depuis qu\u2019elle a commenc\u00e9 ses \u00e9tudes postsecondaires. Maintenant qu\u2019elle travaille \u00e0 temps plein, Nehtha participe \u00e0 la conf\u00e9rence t\u00e9l\u00e9phonique hebdomadaire qui regroupe environ 23 ou 24\u00a0employ\u00e9s, et communique avec son \u00e9quipe pour des r\u00e9unions de rattrapage plus courtes.<\/p>\r\n\r\n\r\n\r\n<p>D\u2019autres \u00e9t\u00e9s, Lazore avait travaill\u00e9 pour le Boys and Girls Club, dans un caf\u00e9 et avait particip\u00e9 \u00e0 des travaux d\u2019entretien dans sa r\u00e9serve. Elle attribue sa transition facile vers un milieu professionnel au soutien de la direction et \u00e0 sa formation pratique. Elle s\u2019est imm\u00e9diatement lanc\u00e9e dans la refonte de l\u2019image de marque du Fonds en appliquant le nouveau logo, les nouvelles couleurs et les nouvelles polices \u00e0 l\u2019aide d\u2019Adobe InDesign, un outil qu\u2019elle utilisait d\u00e9j\u00e0 en classe. Elle avait \u00e9galement cr\u00e9\u00e9 des sites Web dans le cadre de son programme avant de travailler \u00e0 la refonte du site Web du Fonds. \u00ab\u00a0Le lien entre mes \u00e9tudes et le travail que j\u2019accomplissais plus tard \u00e9tait presque direct, ce qui m\u2019a \u00e9t\u00e9 agr\u00e9ablement surpris\u00a0\u00bb, dit-elle avec gratitude. Elle a poursuivi son stage \u00e0 temps partiel pour le Fonds au cours de l\u2019ann\u00e9e scolaire suivante et a obtenu un baccalaur\u00e9at sp\u00e9cialis\u00e9 en communications de l\u2019Universit\u00e9 d\u2019Ottawa en 2024.<\/p>\r\n\r\n\r\n\r\n<h2 class=\"wp-block-heading\">Action d\u2019information au sujet du Fonds<\/h2>\r\n\r\n\r\n\r\n<p>Ieronhenehtha confirme que la plupart des membres des Premi\u00e8res Nations qu\u2019elle rencontre ne sont pas au courant de l\u2019existence du Fonds, mais passent rapidement \u00e0 la question de savoir s\u2019ils sont admissibles aux services offerts par l\u2019organisme. Cela l\u2019incite \u00e0 passer le message, en esp\u00e9rant que ses efforts permettent au Fonds d\u2019accro\u00eetre ses occasions de travailler avec les collectivit\u00e9s.<\/p>\r\n\r\n\r\n\r\n<p>Le Fonds souhaite mobiliser les collectivit\u00e9s des Premi\u00e8res Nations pour qu\u2019elles puissent profiter de ses ressources, ainsi que d\u2019autres partenaires potentiels et m\u00eame des pr\u00eateurs. Elle estime que son \u00e9quipe est strat\u00e9gique et fait des progr\u00e8s en mati\u00e8re de sensibilisation. \u00ab\u00a0Il y a toujours une occasion de s\u2019am\u00e9liorer, de r\u00e9\u00e9valuer la situation et de faire mieux. La nouvelle image de marque a tout rendu plus attrayant, nous \u00e9tions en train de gagner des abonn\u00e9s et les gens \u00e9taient int\u00e9ress\u00e9s \u00e0 nous envoyer des messages. Puis nous avons commenc\u00e9 \u00e0 faire des ajustements ici et l\u00e0, et \u00e0 \u00e9tablir le dialogue avec les Premi\u00e8res Nations, dans les collectivit\u00e9s.\u00a0\u00bb<\/p>\r\n\r\n\r\n\r\n<h2 class=\"wp-block-heading\">L\u2019acquisition de comp\u00e9tences<\/h2>\r\n\r\n\r\n\r\n<p>Nehtha acquiert des comp\u00e9tences qui vont au-del\u00e0 de son travail de conception graphique pour les m\u00e9dias sociaux et la publicit\u00e9, auxquelles s\u2019ajoutent des t\u00e2ches pratiques de cr\u00e9ation d\u2019articles promotionnels du Fonds. Sa gestionnaire est une mentore imm\u00e9diatement disponible\u00a0: elle lui confie des t\u00e2ches de correction d\u2019\u00e9preuves avant la publication, ce qui lui donne l\u2019occasion de fournir des commentaires sur les images et de l\u2019orienter sur la fa\u00e7on d\u2019\u00e9crire pour le public du Fonds \u00e0 l\u2019avenir.<\/p>\r\n\r\n\r\n\r\n<p>La culture du Fonds consiste \u00e0 faire participer tout le monde \u00e0 des remue-m\u00e9ninges pour l\u2019ann\u00e9e, ce qui a inspir\u00e9 Nehtha \u00e0 en apprendre davantage sur le travail de chacun afin de lui permettre de contribuer efficacement \u00e0 la planification strat\u00e9gique. Elle s\u2019int\u00e9resse particuli\u00e8rement \u00e0 ce que font les agents principaux de programme, car elle s\u2019est rendue compte qu\u2019elle adore parler aux gens et consid\u00e8re leur travail comme stimulant pour d\u2019autres membres des Premi\u00e8res Nations. \u00ab\u00a0Ce sont eux qui, dans les collectivit\u00e9s, rencontrent les gestionnaires de logement. Ils tissent des liens et essaient vraiment de se rendre dans ces collectivit\u00e9s pour y construire des maisons. Ce sont les travailleurs de premi\u00e8re ligne.\u00a0\u00bb<\/p>\r\n\r\n\r\n\r\n<h2 class=\"wp-block-heading\">Un investissement personnel<\/h2>\r\n\r\n\r\n\r\n<p>Nehtha a imm\u00e9diatement \u00e9tabli le dialogue avec l\u2019agente principale de programme Nancy\u00a0Pine, qui souhaite ardemment construire une maison sur son territoire. \u00ab\u00a0Je l\u2019ai interpell\u00e9e pour lui poser des questions au sujet de ma collectivit\u00e9. Et je me suis dit\u00a0: bon, que doit-on faire pour ouvrir la porte compl\u00e8tement afin que je puisse construire ma maison.\u00a0\u00bb<\/p>\r\n\r\n\r\n\r\n<p>Nehtha a l\u2019impression que les options offertes dans la r\u00e9serve la poussent \u00e0 se rendre en ville. \u00ab\u00a0Il n\u2019y a pas beaucoup de logements dans les r\u00e9serves, surtout \u00e0 Akwesasne, pour moi en tant que jeune adulte c\u00e9libataire et ind\u00e9pendante. J\u2019adorerais vivre dans la r\u00e9serve avec ma famille, ma collectivit\u00e9, ma culture, mais dans mon propre espace. Un endroit qui ne co\u00fbterait pas tr\u00e8s cher et qui serait assez moderne pour moi, mais il n\u2019y a rien de tel ici. Elle pr\u00e9vient \u00e0 la blague qu\u2019elle n\u2019est pas sinistre lorsqu\u2019elle dit\u00a0: \u00ab\u00a0Mon but ultime est de construire ma maison, de m\u2019installer et, vous savez, de commencer la fin de ma vie ici.\u00a0\u00bb<\/p>\r\n\r\n\r\n\r\n<p>\u00ab\u00a0Quand j\u2019\u00e9tais jeune, mes amis et moi nous disions que nous avions h\u00e2te de quitter la r\u00e9serve pour explorer le monde. Mais arriv\u00e9e \u00e0 un certain \u00e2ge, je me suis rendu compte que, peu importe o\u00f9 je vais, c\u2019est ici le seul endroit qui lie mon peuple et la terre o\u00f9 ont v\u00e9cu mes anc\u00eatres.\u00a0\u00bb<\/p>\r\n\r\n\r\n\r\n<p>\u00ab\u00a0Je crois que tout le monde devrait avoir la possibilit\u00e9 de vivre et de s\u2019\u00e9panouir dans sa collectivit\u00e9 de naissance. Il est malheureux que nous n\u2019ayons pas cette possibilit\u00e9 maintenant, mais c\u2019est pour cela que le Fonds existe.\u00a0\u00bb<\/p>\r\n\r\n\r\n\r\n<h2 class=\"wp-block-heading\">Conseils d\u2019un membre de la collectivit\u00e9<\/h2>\r\n\r\n\r\n\r\n<p>\u00ab\u00a0Je m\u2019identifie \u00e0 mes t\u00e2ches de r\u00e9daction pour le site Web, \u00e0 la lecture du contenu qui est publi\u00e9 et \u00e0 la possibilit\u00e9 de l\u2019examiner davantage du point de vue d\u2019un membre de la collectivit\u00e9\u00a0\u00bb, dit-elle lorsqu\u2019on lui demande des conseils pour d\u2019autres propri\u00e9taires potentiels. \u00ab\u00a0J\u2019encouragerais donc vraiment les membres de la collectivit\u00e9 \u00e0 examiner avec qui ils pourraient avoir besoin de communiquer pour amorcer le processus.\u00a0\u00bb<\/p>\r\n\r\n\r\n\r\n<p>\u00ab\u00a0J\u2019\u00e9tais tr\u00e8s enthousiaste \u00e0 l\u2019id\u00e9e d\u2019avoir cette occasion qui m\u2019attendait aussit\u00f4t que j\u2019ai obtenu mon dipl\u00f4me\u00a0\u00bb, dit-elle au sujet de l\u2019emploi qu\u2019elle occupe aujourd\u2019hui. Voici quelques conseils pour les \u00e9tudiants et les jeunes professionnels\u00a0:<\/p>\r\n\r\n\r\n\r\n<ul class=\"wp-block-list\">\r\n<li>\u00ab\u00a0Soyez \u00e0 l\u2019\u00e9coute de ce qui vous int\u00e9resse et vous intrigue dans le monde qui vous entoure, et pensez \u00e0 la fa\u00e7on de mettre vos int\u00e9r\u00eats en pratique pour rendre le monde meilleur.\u00a0\u00bb<\/li>\r\n\r\n\r\n\r\n<li>Observez vos mod\u00e8les de r\u00f4le. \u00ab\u00a0Quand est venu le temps de choisir mon domaine d\u2019\u00e9tudes, j\u2019ai pens\u00e9 aux gens que j\u2019admirais et \u00e0 la fa\u00e7on dont ils contribuent au monde. J\u2019ai vu ma s\u0153ur a\u00een\u00e9e travailler sur des communiqu\u00e9s de presse, les m\u00e9dias sociaux et la maintenance de sites Web dans le cadre de son travail, et j\u2019ai alors pens\u00e9 que je serais int\u00e9ress\u00e9e \u00e0 faire quelque du m\u00eame genre moi aussi.\u00a0\u00bb<br \/>Peu de gens sont certains de leur cheminement, mais il faut faire le premier pas. \u00ab\u00a0Je me suis lanc\u00e9e un peu sur un coup de t\u00eate\u00a0\u00bb, dit-elle \u00e0 propos de son inscription \u00e0 son programme de communication.<\/li>\r\n\r\n\r\n\r\n<li>Apprendre est beaucoup plus amusant quand on y trouve de l\u2019int\u00e9r\u00eat. \u00ab\u00a0L\u2019universit\u00e9 \u00e9tait tr\u00e8s diff\u00e9rente de l\u2019\u00e9cole secondaire parce que je ne me souciais pas des math\u00e9matiques ou des sciences. L\u2019apprentissage des politiques et du journalisme \u00e9tait lourd, mais amusant.\u00a0\u00bb<\/li>\r\n\r\n\r\n\r\n<li>Pr\u00e9parez-vous \u00e0 devenir comp\u00e9tent et ind\u00e9pendant. \u00ab\u00a0Je fais de mon mieux pour trouver des solutions avant de demander de l\u2019aide.\u00a0\u00bb<\/li>\r\n\r\n\r\n\r\n<li>Acceptez la responsabilit\u00e9 de soutenir une \u00e9quipe. \u00ab\u00a0J\u2019\u00e9tudie les plans d\u2019activit\u00e9s, les rapports annuels, la strat\u00e9gie de communication et m\u00eame ce blogue. J\u2019attends avec impatience la possibilit\u00e9 d\u2019apporter plus d\u2019id\u00e9es au prochain \u00e9v\u00e9nement de planification strat\u00e9gique.<\/li>\r\n<\/ul>\r\n\r\n\r\n\r\n<h2 class=\"wp-block-heading\">Prochaines \u00e9tapes<\/h2>\r\n\r\n\r\n\r\n<p>\u00c0 seulement 22\u00a0ans, Nehtha est r\u00e9fl\u00e9chie et d\u00e9termin\u00e9e quant aux prochaines \u00e9tapes. L\u2019emploi qu\u2019elle exerce pour le Fonds, qui est compatible avec le travail \u00e0 distance, lui a permis de r\u00e9cup\u00e9rer une partie de sa jeunesse. \u00ab\u00a0\u00c0 l\u2019\u00e9cole, j\u2019avais l\u2019impression que tout le monde \u00e9tait anim\u00e9 par la volont\u00e9 de r\u00e9ussir. Donc, entre l\u2019enfance et l\u2019\u00e2ge adulte, je naviguais entre l\u2019\u00e9cole et les responsabilit\u00e9s professionnelles. Il y a eu beaucoup de croissance entre le d\u00e9part de la r\u00e9sidence pour \u00e9tudiants et ma d\u00e9cision de m\u2019installer \u00e0 Awkesasne. C\u2019est une exp\u00e9rience d\u2019apprentissage, de se sentir \u00e0 l\u2019aise avec ce que je veux faire et ce avec quoi je suis \u00e0 l\u2019aise. Je suis pr\u00eat \u00e0 rentrer chez moi pendant environ un an et \u00e0 passer du temps avec ma famille.\u00a0\u00bb<\/p>\r\n\r\n\r\n\r\n<p>Nehtha offre quelques r\u00e9flexions finales \u00e0 propos du Fonds et de l\u2019avenir.<\/p>\r\n\r\n\r\n\r\n<p>\u00ab\u00a0C\u2019est vraiment le retour \u00e0 la collectivit\u00e9, pour que toute la collectivit\u00e9 se rassemble et pour les g\u00e9n\u00e9rations futures qui veulent vivre sur la terre et \u00eatre ensemble. Je veux que nous ayons les meilleurs logements possibles et que nous restions en contact avec nos terres ancestrales et notre culture. Je pense que le travail du Fonds est une excellente occasion de faire cro\u00eetre les collectivit\u00e9s, de prot\u00e9ger la culture et de faire en sorte que le processus de r\u00e9conciliation se d\u00e9roule bien.\u00a0\u00bb<\/p>\r\n","protected":false},"excerpt":{"rendered":"<p>Dans le bulletin Fondations de juin 2024, le Fonds pour les habitations du march\u00e9 des Premi\u00e8res Nations (le Fonds) a annonc\u00e9 avec enthousiasme que Ieronhenehtha (Nehtha) Lazore s\u2019\u00e9tait jointe \u00e0&#8230;<\/p>\n","protected":false},"featured_media":12680,"template":"","meta":{"_acf_changed":false},"is-featured":[],"news-category":[67],"news-type":[],"class_list":["post-12682","news-post","type-news-post","status-publish","has-post-thumbnail","hentry","news-category-blogue-du-fhmpn"],"acf":[],"yoast_head":"<!-- This site is optimized with the Yoast SEO plugin v27.4 - https:\/\/yoast.com\/product\/yoast-seo-wordpress\/ -->\n<title>Les r\u00e9v\u00e9lations \u00e0 l\u2019interne et les conseils de carri\u00e8re d\u2019une stagiaire devenue employ\u00e9e subalterne pour le Fonds | Fonds pour les habitations du march\u00e9 des Premi\u00e8res Nations<\/title>\n<meta name=\"robots\" content=\"index, follow, max-snippet:-1, max-image-preview:large, max-video-preview:-1\" \/>\n<link rel=\"canonical\" href=\"https:\/\/www.fnmhf.ca\/news-post\/the-inside-scoop-and-career-advice-from-the-funds-intern-turned-junior-staff\/\" \/>\n<meta property=\"og:locale\" content=\"fr_FR\" \/>\n<meta property=\"og:type\" content=\"article\" \/>\n<meta property=\"og:title\" content=\"Les r\u00e9v\u00e9lations \u00e0 l\u2019interne et les conseils de carri\u00e8re d\u2019une stagiaire devenue employ\u00e9e subalterne pour le Fonds | Fonds pour les habitations du march\u00e9 des Premi\u00e8res Nations\" \/>\n<meta property=\"og:description\" content=\"Dans le bulletin Fondations de juin 2024, le Fonds pour les habitations du march\u00e9 des Premi\u00e8res Nations (le Fonds) a annonc\u00e9 avec enthousiasme que Ieronhenehtha (Nehtha) Lazore s\u2019\u00e9tait jointe \u00e0...\" \/>\n<meta property=\"og:url\" content=\"https:\/\/www.fnmhf.ca\/news-post\/the-inside-scoop-and-career-advice-from-the-funds-intern-turned-junior-staff\/\" \/>\n<meta property=\"og:site_name\" content=\"Fonds pour les habitations du march\u00e9 des Premi\u00e8res Nations\" \/>\n<meta property=\"article:modified_time\" content=\"2025-09-25T19:43:23+00:00\" \/>\n<meta property=\"og:image\" content=\"https:\/\/www.fnmhf.ca\/wp-content\/uploads\/2025\/07\/2023.08_ILazore-2.jpg\" \/>\n\t<meta property=\"og:image:width\" content=\"1920\" \/>\n\t<meta property=\"og:image:height\" content=\"1080\" \/>\n\t<meta property=\"og:image:type\" content=\"image\/jpeg\" \/>\n<meta name=\"twitter:card\" content=\"summary_large_image\" \/>\n<meta name=\"twitter:label1\" content=\"Est. reading time\" \/>\n\t<meta name=\"twitter:data1\" content=\"8 minutes\" \/>\n<script type=\"application\/ld+json\" class=\"yoast-schema-graph\">{\"@context\":\"https:\\\/\\\/schema.org\",\"@graph\":[{\"@type\":\"WebPage\",\"@id\":\"https:\\\/\\\/www.fnmhf.ca\\\/news-post\\\/the-inside-scoop-and-career-advice-from-the-funds-intern-turned-junior-staff\\\/\",\"url\":\"https:\\\/\\\/www.fnmhf.ca\\\/news-post\\\/the-inside-scoop-and-career-advice-from-the-funds-intern-turned-junior-staff\\\/\",\"name\":\"Les r\u00e9v\u00e9lations \u00e0 l\u2019interne et les conseils de carri\u00e8re d\u2019une stagiaire devenue employ\u00e9e subalterne pour le Fonds | Fonds pour les habitations du march\u00e9 des Premi\u00e8res Nations\",\"isPartOf\":{\"@id\":\"https:\\\/\\\/www.fnmhf.ca\\\/#website\"},\"primaryImageOfPage\":{\"@id\":\"https:\\\/\\\/www.fnmhf.ca\\\/news-post\\\/the-inside-scoop-and-career-advice-from-the-funds-intern-turned-junior-staff\\\/#primaryimage\"},\"image\":{\"@id\":\"https:\\\/\\\/www.fnmhf.ca\\\/news-post\\\/the-inside-scoop-and-career-advice-from-the-funds-intern-turned-junior-staff\\\/#primaryimage\"},\"thumbnailUrl\":\"https:\\\/\\\/www.fnmhf.ca\\\/wp-content\\\/uploads\\\/2025\\\/07\\\/2023.08_ILazore-2.jpg\",\"datePublished\":\"2025-07-23T19:42:00+00:00\",\"dateModified\":\"2025-09-25T19:43:23+00:00\",\"breadcrumb\":{\"@id\":\"https:\\\/\\\/www.fnmhf.ca\\\/news-post\\\/the-inside-scoop-and-career-advice-from-the-funds-intern-turned-junior-staff\\\/#breadcrumb\"},\"inLanguage\":\"fr-FR\",\"potentialAction\":[{\"@type\":\"ReadAction\",\"target\":[\"https:\\\/\\\/www.fnmhf.ca\\\/news-post\\\/the-inside-scoop-and-career-advice-from-the-funds-intern-turned-junior-staff\\\/\"]}]},{\"@type\":\"ImageObject\",\"inLanguage\":\"fr-FR\",\"@id\":\"https:\\\/\\\/www.fnmhf.ca\\\/news-post\\\/the-inside-scoop-and-career-advice-from-the-funds-intern-turned-junior-staff\\\/#primaryimage\",\"url\":\"https:\\\/\\\/www.fnmhf.ca\\\/wp-content\\\/uploads\\\/2025\\\/07\\\/2023.08_ILazore-2.jpg\",\"contentUrl\":\"https:\\\/\\\/www.fnmhf.ca\\\/wp-content\\\/uploads\\\/2025\\\/07\\\/2023.08_ILazore-2.jpg\",\"width\":1920,\"height\":1080},{\"@type\":\"BreadcrumbList\",\"@id\":\"https:\\\/\\\/www.fnmhf.ca\\\/news-post\\\/the-inside-scoop-and-career-advice-from-the-funds-intern-turned-junior-staff\\\/#breadcrumb\",\"itemListElement\":[{\"@type\":\"ListItem\",\"position\":1,\"name\":\"Accueil\",\"item\":\"https:\\\/\\\/www.fnmhf.ca\\\/fr\\\/\"},{\"@type\":\"ListItem\",\"position\":2,\"name\":\"News\",\"item\":\"https:\\\/\\\/www.fnmhf.ca\\\/news-post\\\/\"},{\"@type\":\"ListItem\",\"position\":3,\"name\":\"Les r\u00e9v\u00e9lations \u00e0 l\u2019interne et les conseils de carri\u00e8re d\u2019une stagiaire devenue employ\u00e9e subalterne pour le Fonds\"}]},{\"@type\":\"WebSite\",\"@id\":\"https:\\\/\\\/www.fnmhf.ca\\\/#website\",\"url\":\"https:\\\/\\\/www.fnmhf.ca\\\/\",\"name\":\"Fonds pour les habitations du march\u00e9 des Premi\u00e8res Nations\",\"description\":\"\",\"potentialAction\":[{\"@type\":\"SearchAction\",\"target\":{\"@type\":\"EntryPoint\",\"urlTemplate\":\"https:\\\/\\\/www.fnmhf.ca\\\/?s={search_term_string}\"},\"query-input\":{\"@type\":\"PropertyValueSpecification\",\"valueRequired\":true,\"valueName\":\"search_term_string\"}}],\"inLanguage\":\"fr-FR\"}]}<\/script>\n<!-- \/ Yoast SEO plugin. -->","yoast_head_json":{"title":"Les r\u00e9v\u00e9lations \u00e0 l\u2019interne et les conseils de carri\u00e8re d\u2019une stagiaire devenue employ\u00e9e subalterne pour le Fonds | Fonds pour les habitations du march\u00e9 des Premi\u00e8res Nations","robots":{"index":"index","follow":"follow","max-snippet":"max-snippet:-1","max-image-preview":"max-image-preview:large","max-video-preview":"max-video-preview:-1"},"canonical":"https:\/\/www.fnmhf.ca\/news-post\/the-inside-scoop-and-career-advice-from-the-funds-intern-turned-junior-staff\/","og_locale":"fr_FR","og_type":"article","og_title":"Les r\u00e9v\u00e9lations \u00e0 l\u2019interne et les conseils de carri\u00e8re d\u2019une stagiaire devenue employ\u00e9e subalterne pour le Fonds | Fonds pour les habitations du march\u00e9 des Premi\u00e8res Nations","og_description":"Dans le bulletin Fondations de juin 2024, le Fonds pour les habitations du march\u00e9 des Premi\u00e8res Nations (le Fonds) a annonc\u00e9 avec enthousiasme que Ieronhenehtha (Nehtha) Lazore s\u2019\u00e9tait jointe \u00e0...","og_url":"https:\/\/www.fnmhf.ca\/news-post\/the-inside-scoop-and-career-advice-from-the-funds-intern-turned-junior-staff\/","og_site_name":"Fonds pour les habitations du march\u00e9 des Premi\u00e8res Nations","article_modified_time":"2025-09-25T19:43:23+00:00","og_image":[{"width":1920,"height":1080,"url":"https:\/\/www.fnmhf.ca\/wp-content\/uploads\/2025\/07\/2023.08_ILazore-2.jpg","type":"image\/jpeg"}],"twitter_card":"summary_large_image","twitter_misc":{"Est. reading time":"8 minutes"},"schema":{"@context":"https:\/\/schema.org","@graph":[{"@type":"WebPage","@id":"https:\/\/www.fnmhf.ca\/news-post\/the-inside-scoop-and-career-advice-from-the-funds-intern-turned-junior-staff\/","url":"https:\/\/www.fnmhf.ca\/news-post\/the-inside-scoop-and-career-advice-from-the-funds-intern-turned-junior-staff\/","name":"Les r\u00e9v\u00e9lations \u00e0 l\u2019interne et les conseils de carri\u00e8re d\u2019une stagiaire devenue employ\u00e9e subalterne pour le Fonds | Fonds pour les habitations du march\u00e9 des Premi\u00e8res Nations","isPartOf":{"@id":"https:\/\/www.fnmhf.ca\/#website"},"primaryImageOfPage":{"@id":"https:\/\/www.fnmhf.ca\/news-post\/the-inside-scoop-and-career-advice-from-the-funds-intern-turned-junior-staff\/#primaryimage"},"image":{"@id":"https:\/\/www.fnmhf.ca\/news-post\/the-inside-scoop-and-career-advice-from-the-funds-intern-turned-junior-staff\/#primaryimage"},"thumbnailUrl":"https:\/\/www.fnmhf.ca\/wp-content\/uploads\/2025\/07\/2023.08_ILazore-2.jpg","datePublished":"2025-07-23T19:42:00+00:00","dateModified":"2025-09-25T19:43:23+00:00","breadcrumb":{"@id":"https:\/\/www.fnmhf.ca\/news-post\/the-inside-scoop-and-career-advice-from-the-funds-intern-turned-junior-staff\/#breadcrumb"},"inLanguage":"fr-FR","potentialAction":[{"@type":"ReadAction","target":["https:\/\/www.fnmhf.ca\/news-post\/the-inside-scoop-and-career-advice-from-the-funds-intern-turned-junior-staff\/"]}]},{"@type":"ImageObject","inLanguage":"fr-FR","@id":"https:\/\/www.fnmhf.ca\/news-post\/the-inside-scoop-and-career-advice-from-the-funds-intern-turned-junior-staff\/#primaryimage","url":"https:\/\/www.fnmhf.ca\/wp-content\/uploads\/2025\/07\/2023.08_ILazore-2.jpg","contentUrl":"https:\/\/www.fnmhf.ca\/wp-content\/uploads\/2025\/07\/2023.08_ILazore-2.jpg","width":1920,"height":1080},{"@type":"BreadcrumbList","@id":"https:\/\/www.fnmhf.ca\/news-post\/the-inside-scoop-and-career-advice-from-the-funds-intern-turned-junior-staff\/#breadcrumb","itemListElement":[{"@type":"ListItem","position":1,"name":"Accueil","item":"https:\/\/www.fnmhf.ca\/fr\/"},{"@type":"ListItem","position":2,"name":"News","item":"https:\/\/www.fnmhf.ca\/news-post\/"},{"@type":"ListItem","position":3,"name":"Les r\u00e9v\u00e9lations \u00e0 l\u2019interne et les conseils de carri\u00e8re d\u2019une stagiaire devenue employ\u00e9e subalterne pour le Fonds"}]},{"@type":"WebSite","@id":"https:\/\/www.fnmhf.ca\/#website","url":"https:\/\/www.fnmhf.ca\/","name":"Fonds pour les habitations du march\u00e9 des Premi\u00e8res Nations","description":"","potentialAction":[{"@type":"SearchAction","target":{"@type":"EntryPoint","urlTemplate":"https:\/\/www.fnmhf.ca\/?s={search_term_string}"},"query-input":{"@type":"PropertyValueSpecification","valueRequired":true,"valueName":"search_term_string"}}],"inLanguage":"fr-FR"}]}},"_links":{"self":[{"href":"https:\/\/www.fnmhf.ca\/fr\/wp-json\/wp\/v2\/news-post\/12682","targetHints":{"allow":["GET"]}}],"collection":[{"href":"https:\/\/www.fnmhf.ca\/fr\/wp-json\/wp\/v2\/news-post"}],"about":[{"href":"https:\/\/www.fnmhf.ca\/fr\/wp-json\/wp\/v2\/types\/news-post"}],"version-history":[{"count":2,"href":"https:\/\/www.fnmhf.ca\/fr\/wp-json\/wp\/v2\/news-post\/12682\/revisions"}],"predecessor-version":[{"id":12691,"href":"https:\/\/www.fnmhf.ca\/fr\/wp-json\/wp\/v2\/news-post\/12682\/revisions\/12691"}],"wp:featuredmedia":[{"embeddable":true,"href":"https:\/\/www.fnmhf.ca\/fr\/wp-json\/wp\/v2\/media\/12680"}],"wp:attachment":[{"href":"https:\/\/www.fnmhf.ca\/fr\/wp-json\/wp\/v2\/media?parent=12682"}],"wp:term":[{"taxonomy":"is-featured","embeddable":true,"href":"https:\/\/www.fnmhf.ca\/fr\/wp-json\/wp\/v2\/is-featured?post=12682"},{"taxonomy":"news-category","embeddable":true,"href":"https:\/\/www.fnmhf.ca\/fr\/wp-json\/wp\/v2\/news-category?post=12682"},{"taxonomy":"news-type","embeddable":true,"href":"https:\/\/www.fnmhf.ca\/fr\/wp-json\/wp\/v2\/news-type?post=12682"}],"curies":[{"name":"wp","href":"https:\/\/api.w.org\/{rel}","templated":true}]}}