{"id":12983,"date":"2025-09-29T11:11:24","date_gmt":"2025-09-29T15:11:24","guid":{"rendered":"http:\/\/fnmhf-2025.local\/news-post\/what-2024-25-engagement-sessions-say-about-first-nations-autonomy\/"},"modified":"2025-09-29T11:33:31","modified_gmt":"2025-09-29T15:33:31","slug":"ce-que-revelent-les-seances-de-mobilisation-2024-2025-sur-lautonomie-des-premieres-nations","status":"publish","type":"news-post","link":"https:\/\/www.fnmhf.ca\/fr\/news-post\/ce-que-revelent-les-seances-de-mobilisation-2024-2025-sur-lautonomie-des-premieres-nations\/","title":{"rendered":"Ce que r\u00e9v\u00e8lent les s\u00e9ances de mobilisation 2024-2025 sur l\u2019autonomie des Premi\u00e8res Nations"},"content":{"rendered":"\t\t<div data-elementor-type=\"wp-post\" data-elementor-id=\"12983\" class=\"elementor elementor-12983 elementor-12970\" data-elementor-post-type=\"news-post\">\n\t\t\t\t<div class=\"elementor-element elementor-element-11ae07b e-con-full e-flex e-con e-parent\" data-id=\"11ae07b\" data-element_type=\"container\" data-e-type=\"container\">\n\t\t<div class=\"elementor-element elementor-element-0a1304d e-con-full e-flex e-con e-child\" data-id=\"0a1304d\" data-element_type=\"container\" data-e-type=\"container\">\n\t\t\t\t<div class=\"elementor-element elementor-element-31f42c5 elementor-widget elementor-widget-text-editor\" data-id=\"31f42c5\" data-element_type=\"widget\" data-e-type=\"widget\" data-widget_type=\"text-editor.default\">\n\t\t\t\t\t\t\t\t\t<p>\u00c0 la suite d\u2019une r\u00e9solution mise \u00e0 jour du Comit\u00e9 des Chefs de l\u2019Assembl\u00e9e des Premi\u00e8res Nations (APN) sur le logement en juillet\u00a02024, le Fonds a renouvel\u00e9 le processus de mobilisation communautaire amorc\u00e9 en 2018. Cette r\u00e9cente s\u00e9rie de sept s\u00e9ances en personne et en ligne a port\u00e9 sur le r\u00f4le futur du Fonds et les options pour le contr\u00f4le par les Premi\u00e8res Nations. Trois de ces s\u00e9ances ont \u00e9t\u00e9 tenues avec des membres de la communaut\u00e9 \u00e0 Montr\u00e9al, \u00e0 Kamloops et \u00e0 Dartmouth, tandis que d\u2019autres membres des Premi\u00e8res Nations se sont joints \u00e0 des s\u00e9ances en ligne \u00e0 partir des r\u00e9gions de l\u2019Est, de l\u2019Ouest et du Centre.<\/p><p>Le Fonds a pr\u00e9conis\u00e9 un mod\u00e8le d\u2019adh\u00e9sion pour accro\u00eetre la mobilisation des communaut\u00e9s des Premi\u00e8res Nations. Lorsque les animateurs ont demand\u00e9 quels changements \u00e9taient n\u00e9cessaires et \u00e0 quoi pourraient ressembler les mod\u00e8les de transfert de soins et d\u2019adh\u00e9sion, les participants se sont montr\u00e9s globalement int\u00e9ress\u00e9s par\u00a0:<\/p><ul><li>du temps d\u2019\u00e9change, en ligne et en personne, ainsi que d\u2019autres canaux de communication avec le Fonds;<\/li><li>davantage d\u2019occasions de formation et de mentorat pour les membres de la communaut\u00e9;<\/li><li>des d\u00e9marches plus simples, avec un langage clair et moins de paperasse;<\/li><li>plus de flexibilit\u00e9 dans l\u2019utilisation des pr\u00eats hypoth\u00e9caires.<\/li><\/ul><p>La propri\u00e9t\u00e9, l\u2019autonomisation et l\u2019autod\u00e9termination ont \u00e9galement \u00e9merg\u00e9 comme des th\u00e8mes forts dans les r\u00e9ponses des communaut\u00e9s, et le rapport a mis en avant plusieurs commentaires directs des participants \u00e0 l\u2019intention du lecteur. Dans ce blogue, nous soulignons les d\u00e9clarations de la communaut\u00e9 au sujet de l\u2019autonomie gouvernementale, de la reddition de comptes et du contr\u00f4le.<\/p>\t\t\t\t\t\t\t\t<\/div>\n\t\t\t\t<\/div>\n\t\t<div class=\"elementor-element elementor-element-efa3e8f e-con-full e-flex e-con e-child\" data-id=\"efa3e8f\" data-element_type=\"container\" data-e-type=\"container\">\n\t\t\t\t<div class=\"elementor-element elementor-element-b90abe0 elementor-widget elementor-widget-heading\" data-id=\"b90abe0\" data-element_type=\"widget\" data-e-type=\"widget\" data-widget_type=\"heading.default\">\n\t\t\t\t\t<h2 class=\"elementor-heading-title elementor-size-default\">L\u2019autod\u00e9termination dans le transfert des soins<\/h2>\t\t\t\t<\/div>\n\t\t\t\t<div class=\"elementor-element elementor-element-a4706b3 elementor-widget elementor-widget-text-editor\" data-id=\"a4706b3\" data-element_type=\"widget\" data-e-type=\"widget\" data-widget_type=\"text-editor.default\">\n\t\t\t\t\t\t\t\t\t<p>Interrog\u00e9 sur le transfert des soins, un participant de la r\u00e9gion du centre a d\u00e9clar\u00e9\u00a0: \u00ab\u00a0Le transfert des soins me fait penser aux Premi\u00e8res Nations qui g\u00e8rent enti\u00e8rement le Fonds et qui d\u00e9cident de l\u2019affectation des ressources en fonction de leurs besoins et priorit\u00e9s.\u00a0\u00bb<\/p>\t\t\t\t\t\t\t\t<\/div>\n\t\t\t\t<div class=\"elementor-element elementor-element-b28bc22 elementor-blockquote--skin-border elementor-widget elementor-widget-blockquote\" data-id=\"b28bc22\" data-element_type=\"widget\" data-e-type=\"widget\" data-widget_type=\"blockquote.default\">\n\t\t\t\t\t\t\t<blockquote class=\"elementor-blockquote\">\n\t\t\t<p class=\"elementor-blockquote__content\">\n\t\t\t\t\u00ab C\u2019est un virage vers l\u2019autod\u00e9termination, permettant aux Premi\u00e8res Nations de d\u00e9cider comment les fonds sont utilis\u00e9s pour des projets de logement et de d\u00e9veloppement. \u00bb \t\t\t<\/p>\n\t\t\t\t\t\t\t<div class=\"e-q-footer\">\n\t\t\t\t\t\t\t\t\t\t\t<cite class=\"elementor-blockquote__author\">\u2013 Participant, Ouest<\/cite>\n\t\t\t\t\t\t\t\t\t\t\t\t\t\t<\/div>\n\t\t\t\t\t<\/blockquote>\n\t\t\t\t\t\t<\/div>\n\t\t\t\t<div class=\"elementor-element elementor-element-c62c673 elementor-widget elementor-widget-text-editor\" data-id=\"c62c673\" data-element_type=\"widget\" data-e-type=\"widget\" data-widget_type=\"text-editor.default\">\n\t\t\t\t\t\t\t\t\t<p>De nombreux participants \u00e9taient d\u2019avis que le contr\u00f4le du Fonds m\u00e8nerait \u00e0 l\u2019autonomie, o\u00f9 \u00ab\u00a0les politiques et initiatives communautaires [sont] trait\u00e9es comme des priorit\u00e9s majeures\u00a0\u00bb.<\/p>\t\t\t\t\t\t\t\t<\/div>\n\t\t\t\t<div class=\"elementor-element elementor-element-0f3f7be elementor-blockquote--skin-border elementor-widget elementor-widget-blockquote\" data-id=\"0f3f7be\" data-element_type=\"widget\" data-e-type=\"widget\" data-widget_type=\"blockquote.default\">\n\t\t\t\t\t\t\t<blockquote class=\"elementor-blockquote\">\n\t\t\t<p class=\"elementor-blockquote__content\">\n\t\t\t\t\u00ab La proposition pr\u00e9conise que les Premi\u00e8res Nations soient enti\u00e8rement responsables du Fonds et en aient le contr\u00f4le, ce qui permettrait \u00e0 ces communaut\u00e9s d\u2019\u00e9tablir leurs propres priorit\u00e9s et strat\u00e9gies. \u00bb \t\t\t<\/p>\n\t\t\t\t\t\t\t<div class=\"e-q-footer\">\n\t\t\t\t\t\t\t\t\t\t\t<cite class=\"elementor-blockquote__author\">\u2013 Participant, Ouest<\/cite>\n\t\t\t\t\t\t\t\t\t\t\t\t\t\t<\/div>\n\t\t\t\t\t<\/blockquote>\n\t\t\t\t\t\t<\/div>\n\t\t\t\t<div class=\"elementor-element elementor-element-e95da19 elementor-widget elementor-widget-text-editor\" data-id=\"e95da19\" data-element_type=\"widget\" data-e-type=\"widget\" data-widget_type=\"text-editor.default\">\n\t\t\t\t\t\t\t\t\t<p>Dans l\u2019Ouest, un participant de Kamloops a indiqu\u00e9 que la \u00ab\u00a0libert\u00e9 d\u2019utiliser le financement qui convient aux d\u00e9sirs et aux besoins individuels des communaut\u00e9s\u00a0\u00bb \u00e9tait un \u00e9l\u00e9ment cl\u00e9 de l\u2019autod\u00e9termination.<\/p>\t\t\t\t\t\t\t\t<\/div>\n\t\t\t\t<\/div>\n\t\t<div class=\"elementor-element elementor-element-3f0ad74 e-con-full e-flex e-con e-child\" data-id=\"3f0ad74\" data-element_type=\"container\" data-e-type=\"container\">\n\t\t\t\t<div class=\"elementor-element elementor-element-94c84ba elementor-widget elementor-widget-heading\" data-id=\"94c84ba\" data-element_type=\"widget\" data-e-type=\"widget\" data-widget_type=\"heading.default\">\n\t\t\t\t\t<h2 class=\"elementor-heading-title elementor-size-default\">La reconnaissance des Premi\u00e8res Nations<\/h2>\t\t\t\t<\/div>\n\t\t\t\t<div class=\"elementor-element elementor-element-f324dab elementor-widget elementor-widget-text-editor\" data-id=\"f324dab\" data-element_type=\"widget\" data-e-type=\"widget\" data-widget_type=\"text-editor.default\">\n\t\t\t\t\t\t\t\t\t<p>De nombreux participants ont indiqu\u00e9 que le contr\u00f4le par les Premi\u00e8res Nations permettrait aux communaut\u00e9s des Premi\u00e8res Nations de prendre des d\u00e9cisions et de se gouverner elles-m\u00eames, en tirant parti de leur autonomie et de leur autod\u00e9termination.<\/p><p>Dans l\u2019Est, l\u2019enthousiasme des participants concernant le transfert des soins laisse entrevoir un impact qui d\u00e9passe la seule question de l\u2019habitation. \u00c0 Dartmouth, les participants voyaient dans le transfert une occasion de renforcer la \u00ab\u00a0reconnaissance des Premi\u00e8res Nations\u00a0\u00bb.<\/p>\t\t\t\t\t\t\t\t<\/div>\n\t\t\t\t<div class=\"elementor-element elementor-element-6cdfa01 elementor-blockquote--skin-border elementor-widget elementor-widget-blockquote\" data-id=\"6cdfa01\" data-element_type=\"widget\" data-e-type=\"widget\" data-widget_type=\"blockquote.default\">\n\t\t\t\t\t\t\t<blockquote class=\"elementor-blockquote\">\n\t\t\t<p class=\"elementor-blockquote__content\">\n\t\t\t\t\u00ab un pas dans la bonne direction \u00bb <br \/>\n\u00ab la meilleure d\u00e9cision \u00e0 prendre \u00bb\t\t\t<\/p>\n\t\t\t\t\t\t\t<div class=\"e-q-footer\">\n\t\t\t\t\t\t\t\t\t\t\t<cite class=\"elementor-blockquote__author\">\u2013 R\u00e9actions des participants de l\u2019Est au futur transfert des soins<\/cite>\n\t\t\t\t\t\t\t\t\t\t\t\t\t\t<\/div>\n\t\t\t\t\t<\/blockquote>\n\t\t\t\t\t\t<\/div>\n\t\t\t\t<\/div>\n\t\t<div class=\"elementor-element elementor-element-db44ddd e-con-full e-flex e-con e-child\" data-id=\"db44ddd\" data-element_type=\"container\" data-e-type=\"container\">\n\t\t\t\t<div class=\"elementor-element elementor-element-a84f1ab elementor-widget elementor-widget-heading\" data-id=\"a84f1ab\" data-element_type=\"widget\" data-e-type=\"widget\" data-widget_type=\"heading.default\">\n\t\t\t\t\t<h2 class=\"elementor-heading-title elementor-size-default\">Ancrage culturel fondamental<\/h2>\t\t\t\t<\/div>\n\t\t\t\t<div class=\"elementor-element elementor-element-c1f4f76 elementor-widget elementor-widget-text-editor\" data-id=\"c1f4f76\" data-element_type=\"widget\" data-e-type=\"widget\" data-widget_type=\"text-editor.default\">\n\t\t\t\t\t\t\t\t\t<p>Le rapport souligne que, dans l\u2019ensemble, les participants consid\u00e9raient que les services gagneraient en pertinence culturelle si les communaut\u00e9s des Premi\u00e8res Nations en \u00e9taient les d\u00e9cideurs.<\/p><p>Un participant de la r\u00e9gion du Centre a r\u00e9sum\u00e9 simplement comment cet ancrage culturel renforc\u00e9 pourrait se r\u00e9aliser. En pla\u00e7ant les besoins et les initiatives des communaut\u00e9s sous le contr\u00f4le des Premi\u00e8res Nations, ces derni\u00e8res assureraient \u00ab\u00a0une meilleure int\u00e9gration de la culture et une plus grande pertinence culturelle\u00a0\u00bb.<\/p>\t\t\t\t\t\t\t\t<\/div>\n\t\t\t\t<div class=\"elementor-element elementor-element-5b72986 elementor-blockquote--skin-border elementor-widget elementor-widget-blockquote\" data-id=\"5b72986\" data-element_type=\"widget\" data-e-type=\"widget\" data-widget_type=\"blockquote.default\">\n\t\t\t\t\t\t\t<blockquote class=\"elementor-blockquote\">\n\t\t\t<p class=\"elementor-blockquote__content\">\n\t\t\t\t\u00ab On assisterait \u00e0 un transfert du pouvoir d\u00e9cisionnel vers les dirigeants locaux afin de garantir que le Fonds refl\u00e8te les valeurs culturelles et r\u00e9pond aux besoins de la communaut\u00e9. \u00bb \t\t\t<\/p>\n\t\t\t\t\t\t\t<div class=\"e-q-footer\">\n\t\t\t\t\t\t\t\t\t\t\t<cite class=\"elementor-blockquote__author\">\u2013 Participant, Ouest<\/cite>\n\t\t\t\t\t\t\t\t\t\t\t\t\t\t<\/div>\n\t\t\t\t\t<\/blockquote>\n\t\t\t\t\t\t<\/div>\n\t\t\t\t<div class=\"elementor-element elementor-element-a8e9ede elementor-widget elementor-widget-text-editor\" data-id=\"a8e9ede\" data-element_type=\"widget\" data-e-type=\"widget\" data-widget_type=\"text-editor.default\">\n\t\t\t\t\t\t\t\t\t<p>Les participants ont d\u00e9fini l\u2019ancrage culturel comme l\u2019int\u00e9gration de proc\u00e9dures et de programmes culturellement pertinents, de politiques de logement honorant les valeurs traditionnelles et les modes de vie communautaires, ainsi que de d\u00e9marches sp\u00e9cifiquement adapt\u00e9es sur le plan culturel. Ils estimaient \u00e9galement que l\u2019ancrage culturel, \u00e0 l\u2019instar de l\u2019autonomie gouvernementale, favoriserait une meilleure \u00e9thique de soins.<\/p>\t\t\t\t\t\t\t\t<\/div>\n\t\t\t\t<\/div>\n\t\t<div class=\"elementor-element elementor-element-3bcde97 e-con-full e-flex e-con e-child\" data-id=\"3bcde97\" data-element_type=\"container\" data-e-type=\"container\">\n\t\t\t\t<div class=\"elementor-element elementor-element-f67c075 elementor-widget elementor-widget-heading\" data-id=\"f67c075\" data-element_type=\"widget\" data-e-type=\"widget\" data-widget_type=\"heading.default\">\n\t\t\t\t\t<h2 class=\"elementor-heading-title elementor-size-default\">Ind\u00e9pendance vis\u2011\u00e0\u2011vis des gouvernements ext\u00e9rieurs<\/h2>\t\t\t\t<\/div>\n\t\t\t\t<div class=\"elementor-element elementor-element-8c83228 elementor-widget elementor-widget-text-editor\" data-id=\"8c83228\" data-element_type=\"widget\" data-e-type=\"widget\" data-widget_type=\"text-editor.default\">\n\t\t\t\t\t\t\t\t\t<p>L\u2019opinion du groupe de l\u2019Est a \u00e9t\u00e9 r\u00e9it\u00e9r\u00e9e d\u2019une s\u00e9ance \u00e0 l\u2019autre. Le fait de lib\u00e9rer les Premi\u00e8res Nations du contr\u00f4le gouvernemental pourrait leur permettre de cr\u00e9er des programmes mieux adapt\u00e9s \u00e0 leurs besoins culturels et plus efficaces pour leurs communaut\u00e9s.\u00a0\u00bb<\/p><p>Le rapport indique que, dans l\u2019ensemble, les participants ont exprim\u00e9 des critiques envers le gouvernement, traduisant un sentiment g\u00e9n\u00e9ral de m\u00e9fiance. Parmi les pr\u00e9occupations li\u00e9es au contr\u00f4le gouvernemental, les participants ont \u00e9voqu\u00e9 le fait qu\u2019un tel contr\u00f4le est vou\u00e9 \u00e0 l\u2019\u00e9chec, ainsi que les obstacles \u00e0 l\u2019acc\u00e8s au financement, les retards, la bureaucratie, le manque de pertinence culturelle dans les programmes et politiques, et l\u2019absence de prise en compte des besoins des communaut\u00e9s. Un participant de l\u2019Est \u00e0 distance a d\u00e9clar\u00e9 que \u00ab\u00a0la surveillance gouvernementale entra\u00eene souvent des retards et ne refl\u00e8te pas toujours les r\u00e9alit\u00e9s des communaut\u00e9s des Premi\u00e8res Nations\u00a0\u00bb.<\/p>\t\t\t\t\t\t\t\t<\/div>\n\t\t\t\t<div class=\"elementor-element elementor-element-34671c9 elementor-blockquote--skin-border elementor-widget elementor-widget-blockquote\" data-id=\"34671c9\" data-element_type=\"widget\" data-e-type=\"widget\" data-widget_type=\"blockquote.default\">\n\t\t\t\t\t\t\t<blockquote class=\"elementor-blockquote\">\n\t\t\t<p class=\"elementor-blockquote__content\">\n\t\t\t\t\u00ab Accorder un contr\u00f4le complet s\u2019inscrit dans les principes de l\u2019autonomie gouvernementale et garantit que le programme reste pertinent sur le plan culturel. \u00bb \t\t\t<\/p>\n\t\t\t\t\t\t\t<div class=\"e-q-footer\">\n\t\t\t\t\t\t\t\t\t\t\t<cite class=\"elementor-blockquote__author\">\u2013 Participant, Ouest<\/cite>\n\t\t\t\t\t\t\t\t\t\t\t\t\t\t<\/div>\n\t\t\t\t\t<\/blockquote>\n\t\t\t\t\t\t<\/div>\n\t\t\t\t<div class=\"elementor-element elementor-element-65eb77b elementor-widget elementor-widget-text-editor\" data-id=\"65eb77b\" data-element_type=\"widget\" data-e-type=\"widget\" data-widget_type=\"text-editor.default\">\n\t\t\t\t\t\t\t\t\t<p>Un participant du Centre a affirm\u00e9 qu\u2019\u00ab\u00a0un transfert de contr\u00f4le permet aux Premi\u00e8res Nations d\u2019assumer l\u2019enti\u00e8re responsabilit\u00e9 de leurs d\u00e9fis et solutions en mati\u00e8re de logement\u00a0\u00bb, tandis qu\u2019un participant de Dartmouth l\u2019a d\u00e9crit comme une \u00ab\u00a0libert\u00e9 par rapport au contr\u00f4le gouvernemental\u00a0\u00bb. Un autre participant a ajout\u00e9 que le fait de \u00ab\u00a0supprimer le contr\u00f4le gouvernemental permettrait aux Premi\u00e8res Nations de cr\u00e9er des programmes en accord avec leur culture et leurs besoins\u00a0\u00bb.<\/p><p>Les participants de la s\u00e9ance dans l\u2019Ouest consid\u00e9raient que le contr\u00f4le et l\u2019autonomie des Premi\u00e8res Nations signifiaient concevoir et g\u00e9rer des services qui refl\u00e8tent v\u00e9ritablement leurs r\u00e9alit\u00e9s et aspirations, offrir davantage d\u2019options de logement dans les r\u00e9serves, et mettre en place plus de services, mieux adapt\u00e9s et plus efficaces.<\/p><p>Les rapports font remarquer que d\u2019autres participants de l\u2019Ouest sont convaincus que les communaut\u00e9s des Premi\u00e8res Nations seront en mesure de prendre des d\u00e9cisions plus rapidement que le gouvernement.<\/p>\t\t\t\t\t\t\t\t<\/div>\n\t\t\t\t<\/div>\n\t\t<div class=\"elementor-element elementor-element-67c464d e-con-full e-flex e-con e-child\" data-id=\"67c464d\" data-element_type=\"container\" data-e-type=\"container\">\n\t\t\t\t<div class=\"elementor-element elementor-element-48042f5 elementor-widget elementor-widget-heading\" data-id=\"48042f5\" data-element_type=\"widget\" data-e-type=\"widget\" data-widget_type=\"heading.default\">\n\t\t\t\t\t<h2 class=\"elementor-heading-title elementor-size-default\">Mod\u00e8les de gouvernance et de reddition de comptes communautaire<\/h2>\t\t\t\t<\/div>\n\t\t\t\t<div class=\"elementor-element elementor-element-1ababc6 elementor-widget elementor-widget-text-editor\" data-id=\"1ababc6\" data-element_type=\"widget\" data-e-type=\"widget\" data-widget_type=\"text-editor.default\">\n\t\t\t\t\t\t\t\t\t<p>Les commentaires sur les mod\u00e8les d\u2019autonomie gouvernementale du Fonds ont soulign\u00e9 l\u2019importance de mettre en place des m\u00e9canismes de reddition de comptes pour assurer l\u2019autosurveillance. \u00ab\u00a0Ces m\u00e9canismes pourraient passer par des syst\u00e8mes de rapports transparents, dirig\u00e9s par les Premi\u00e8res Nations, afin de suivre les progr\u00e8s et de renforcer la confiance\u00a0\u00bb, a expliqu\u00e9 un participant de la s\u00e9ance du Centre.<\/p><p>\u00c0 l\u2019\u00e9chelle communautaire, les participants ont propos\u00e9 d\u2019impliquer les membres dans le processus d\u00e9cisionnel et de confier aux Nations la responsabilit\u00e9 d\u2019une mobilisation communautaire r\u00e9guli\u00e8re autour des enjeux li\u00e9s au logement.<\/p>\t\t\t\t\t\t\t\t<\/div>\n\t\t\t\t<div class=\"elementor-element elementor-element-aab535f elementor-blockquote--skin-border elementor-widget elementor-widget-blockquote\" data-id=\"aab535f\" data-element_type=\"widget\" data-e-type=\"widget\" data-widget_type=\"blockquote.default\">\n\t\t\t\t\t\t\t<blockquote class=\"elementor-blockquote\">\n\t\t\t<p class=\"elementor-blockquote__content\">\n\t\t\t\t\u00ab La vision est un mod\u00e8le d\u00e9centralis\u00e9 o\u00f9 chaque communaut\u00e9 supervise de fa\u00e7on ind\u00e9pendante sa part du Fonds. \u00bb \t\t\t<\/p>\n\t\t\t\t\t\t\t<div class=\"e-q-footer\">\n\t\t\t\t\t\t\t\t\t\t\t<cite class=\"elementor-blockquote__author\">\u2013 Participant, Ouest<\/cite>\n\t\t\t\t\t\t\t\t\t\t\t\t\t\t<\/div>\n\t\t\t\t\t<\/blockquote>\n\t\t\t\t\t\t<\/div>\n\t\t\t\t<div class=\"elementor-element elementor-element-0352b56 elementor-widget elementor-widget-text-editor\" data-id=\"0352b56\" data-element_type=\"widget\" data-e-type=\"widget\" data-widget_type=\"text-editor.default\">\n\t\t\t\t\t\t\t\t\t<p>L\u2019analyse men\u00e9e par le groupe montr\u00e9alais sur le contr\u00f4le autod\u00e9termin\u00e9 du Fonds a mis en lumi\u00e8re l\u2019importance de la responsabilisation dans les mod\u00e8les de leadership communautaire. Quelques participants envisageaient un collectif qui s\u2019\u00e9tendrait au-del\u00e0 des chefs, o\u00f9 \u00ab\u00a0les organisations et les personnes\u00a0\u00bb seraient les responsables.<\/p>\t\t\t\t\t\t\t\t<\/div>\n\t\t\t\t<div class=\"elementor-element elementor-element-0b86653 elementor-blockquote--skin-border elementor-widget elementor-widget-blockquote\" data-id=\"0b86653\" data-element_type=\"widget\" data-e-type=\"widget\" data-widget_type=\"blockquote.default\">\n\t\t\t\t\t\t\t<blockquote class=\"elementor-blockquote\">\n\t\t\t<p class=\"elementor-blockquote__content\">\n\t\t\t\t\u00ab Je pense \u00e0 des communaut\u00e9s disposant de leurs propres structures de leadership pour gouverner et d\u00e9cider des projets d\u2019habitation. \u00bb \t\t\t<\/p>\n\t\t\t\t\t\t\t<div class=\"e-q-footer\">\n\t\t\t\t\t\t\t\t\t\t\t<cite class=\"elementor-blockquote__author\">\u2013 Participant, Centre<\/cite>\n\t\t\t\t\t\t\t\t\t\t\t\t\t\t<\/div>\n\t\t\t\t\t<\/blockquote>\n\t\t\t\t\t\t<\/div>\n\t\t\t\t<div class=\"elementor-element elementor-element-a10e5be elementor-widget elementor-widget-text-editor\" data-id=\"a10e5be\" data-element_type=\"widget\" data-e-type=\"widget\" data-widget_type=\"text-editor.default\">\n\t\t\t\t\t\t\t\t\t<p>\u00ab\u00a0Comme un syst\u00e8me o\u00f9 les Premi\u00e8res Nations s\u2019occupent de tout, du budget \u00e0 la gestion de projet, avec un minimum d\u2019ing\u00e9rence ext\u00e9rieure\u00a0\u00bb, a d\u00e9clar\u00e9 un participant du Centre. De nombreux participants du Centre \u00e9taient d\u2019avis qu\u2019il \u00e9tait important que les Premi\u00e8res Nations aient le contr\u00f4le de l\u2019ensemble du processus, jusqu\u2019\u00e0 sa mise en \u0153uvre, pour assurer une reddition de comptes locale. \u00ab\u00a0J\u2019imagine un syst\u00e8me dans lequel les Premi\u00e8res Nations cr\u00e9ent des politiques, g\u00e8rent les op\u00e9rations et \u00e9valuent les r\u00e9sultats au moyen de leurs propres cadres de gouvernance.\u00a0\u00bb<\/p><p>Un participant de l\u2019Est a ajout\u00e9 que les Premi\u00e8res Nations devraient exercer une surveillance des activit\u00e9s quotidiennes du Fonds, tandis qu\u2019un autre a soulign\u00e9 la n\u00e9cessit\u00e9 de cr\u00e9er un cadre qui permet un contr\u00f4le autonome.<\/p><p>La question \u00ab Que signifie pour vous le transfert des soins et du contr\u00f4le du Fonds aux Premi\u00e8res Nations? \u00bb a re\u00e7u une r\u00e9ponse claire d\u2019un participant de l\u2019Est : \u00ab La phrase implique que les Premi\u00e8res Nations devraient avoir l\u2019enti\u00e8re autorit\u00e9 sur l\u2019affectation et l\u2019utilisation des fonds, en accord avec leurs propres priorit\u00e9s et valeurs. Id\u00e9alement, cette enti\u00e8re autorit\u00e9 impliquerait que les conseils d\u2019administration soient dirig\u00e9s par les Premi\u00e8res Nations. Les Premi\u00e8res Nations g\u00e9reraient directement ces fonds.\u00a0\u00bb<\/p>\t\t\t\t\t\t\t\t<\/div>\n\t\t\t\t<\/div>\n\t\t<div class=\"elementor-element elementor-element-abca734 e-con-full e-flex e-con e-child\" data-id=\"abca734\" data-element_type=\"container\" data-e-type=\"container\">\n\t\t\t\t<div class=\"elementor-element elementor-element-86503c1 elementor-widget elementor-widget-heading\" data-id=\"86503c1\" data-element_type=\"widget\" data-e-type=\"widget\" data-widget_type=\"heading.default\">\n\t\t\t\t\t<h2 class=\"elementor-heading-title elementor-size-default\">Conclusion<\/h2>\t\t\t\t<\/div>\n\t\t\t\t<div class=\"elementor-element elementor-element-3c95b02 elementor-widget elementor-widget-text-editor\" data-id=\"3c95b02\" data-element_type=\"widget\" data-e-type=\"widget\" data-widget_type=\"text-editor.default\">\n\t\t\t\t\t\t\t\t\t<p>Le d\u00e9sir d\u2019autod\u00e9termination a confirm\u00e9 la n\u00e9cessit\u00e9 de mieux sensibiliser les communaut\u00e9s et a donn\u00e9 lieu \u00e0 des mises en garde formul\u00e9es par deux participants de l\u2019Est. L\u2019un d\u2019eux a propos\u00e9 que les Nations impliquent davantage leurs communaut\u00e9s et que le Fonds collabore avec elles afin de s\u2019assurer que les ressources essentielles et les mesures de protection soient en place avant le transfert du contr\u00f4le. Pour aider les Nations \u00e0 assumer des responsabilit\u00e9s accrues dans cette transition, l\u2019autre participant a recommand\u00e9 qu\u2019un syst\u00e8me de soutien holistique soit mis en place.<\/p><p>Enfin, les participants ont appuy\u00e9 la n\u00e9cessit\u00e9 d\u2019une assembl\u00e9e g\u00e9n\u00e9rale annuelle. La premi\u00e8re aura lieu en m\u00eame temps que l\u2019Assembl\u00e9e extraordinaire des chefs de l\u2019APN au Centre Rogers \u00e0 Ottawa, le 4\u00a0d\u00e9cembre\u00a02025.<\/p><p>Ce blogue ne pr\u00e9sentait qu\u2019un seul aspect des retours de la communaut\u00e9. Pour en savoir plus sur les autres conclusions g\u00e9n\u00e9rales et la r\u00e9troaction des clients actuels du Fonds, veuillez lire le <a href=\"https:\/\/www.fnmhf.ca\/wp-content\/uploads\/2025\/09\/FNMHF-National-Engagement-Report-Aug-22-2025.pdf\" target=\"_blank\" rel=\"noopener\">rapport sommaire sur le processus national de mobilisation (en anglais seulement)<\/a>.<\/p>\t\t\t\t\t\t\t\t<\/div>\n\t\t<div class=\"elementor-element elementor-element-bc48dbe e-con-full e-flex e-con e-child\" data-id=\"bc48dbe\" data-element_type=\"container\" data-e-type=\"container\">\n\t\t\t\t<div class=\"elementor-element elementor-element-d982f19 elementor-widget elementor-widget-heading\" data-id=\"d982f19\" data-element_type=\"widget\" data-e-type=\"widget\" data-widget_type=\"heading.default\">\n\t\t\t\t\t<h3 class=\"elementor-heading-title elementor-size-default\">Chronologie de l\u2019autonomie en mati\u00e8re d\u2019habitations des Premi\u00e8res Nations<\/h3>\t\t\t\t<\/div>\n\t\t\t\t<div class=\"elementor-element elementor-element-1414213 elementor-widget elementor-widget-text-editor\" data-id=\"1414213\" data-element_type=\"widget\" data-e-type=\"widget\" data-widget_type=\"text-editor.default\">\n\t\t\t\t\t\t\t\t\t<p><strong>2008<\/strong> \u2013 La Soci\u00e9t\u00e9 canadienne d\u2019hypoth\u00e8ques et de logement (SCHL) et le Fonds pour les habitations du march\u00e9 des Premi\u00e8res Nations (FHMPN) signent un acte de fiducie cr\u00e9ant le Fonds. L\u2019entente pr\u00e9voit un \u00e9ventuel transfert de contr\u00f4le du gouvernement f\u00e9d\u00e9ral aux Premi\u00e8res Nations.<\/p><p><strong>2013<\/strong> \u2013 L\u2019Assembl\u00e9e des Premi\u00e8res Nations (APN) adopte une r\u00e9solution appuyant la transition (R\u00e9solution\u00a016\/2013, <em>Transition of the First Nations Market Housing Fund to<\/em><\/p><p><em>First Nations Control<\/em>).<\/p><p><strong>2018<\/strong> \u2013 Le Fonds m\u00e8ne un processus national de mobilisation avec les Premi\u00e8res Nations.<\/p><p><strong>2018<\/strong> \u2013 Le Caucus autochtone de l\u2019Association canadienne d\u2019habitation et de r\u00e9novation urbaine pr\u00e9sente la strat\u00e9gie <a href=\"https:\/\/chra-achru.ca\/wp-content\/uploads\/2015\/09\/2018-06-05_for-indigenous-by-indigenous-national-housing-strategy.pdf\">A For Indigenous, By Indigenous National Housing Strategy\u00a0:<\/a><a href=\"https:\/\/chra-achru.ca\/wp-content\/uploads\/2015\/09\/2018-06-05_for-indigenous-by-indigenous-national-housing-strategy.pdf\"> Addressing the Housing Needs of Indigenous Families and Individuals in the Urban, Rural and Northern Parts of Canada<\/a> au gouvernement du\u00a0Canada.<\/p><p><strong>2024<\/strong> \u2013 La SCHL lance un processus officiel de demande de propositions (DP), au nom du gouvernement du Canada, pour \u00e9tablir un centre national du logement autochtone dirig\u00e9 par des Autochtones.<\/p><ul><li>Appel au gouvernement f\u00e9d\u00e9ral \u00e0 faire preuve d\u2019un maximum de souplesse dans l\u2019\u00e9laboration conjointe des exigences pour le transfert du contr\u00f4le du Fonds pour les habitations du march\u00e9 des Premi\u00e8res Nations.<\/li><li>Appel pour que le Fonds tienne des s\u00e9ances de mobilisation r\u00e9gionales \u00ab\u00a0afin d\u2019obtenir le point de vue des Premi\u00e8res Nations sur le r\u00f4le du Fonds et d\u2019envisager des options pour le contr\u00f4le par les Premi\u00e8res Nations\u00a0\u00bb.<\/li><\/ul>\t\t\t\t\t\t\t\t<\/div>\n\t\t\t\t<\/div>\n\t\t\t\t<\/div>\n\t\t\t\t<\/div>\n\t\t\t\t<\/div>\n\t\t","protected":false},"excerpt":{"rendered":"<p>\u00c0 la suite d\u2019une r\u00e9solution mise \u00e0 jour du Comit\u00e9 des Chefs de l\u2019Assembl\u00e9e des Premi\u00e8res Nations (APN) sur le logement en juillet\u00a02024, le Fonds a renouvel\u00e9 le processus de&#8230;<\/p>\n","protected":false},"featured_media":12972,"template":"","meta":{"_acf_changed":false},"is-featured":[],"news-category":[67],"news-type":[],"class_list":["post-12983","news-post","type-news-post","status-publish","has-post-thumbnail","hentry","news-category-blogue-du-fhmpn"],"acf":[],"yoast_head":"<!-- This site is optimized with the Yoast SEO plugin v27.4 - https:\/\/yoast.com\/product\/yoast-seo-wordpress\/ -->\n<title>Ce que r\u00e9v\u00e8lent les s\u00e9ances de mobilisation 2024-2025 sur l\u2019autonomie des Premi\u00e8res Nations | Fonds pour les habitations du march\u00e9 des Premi\u00e8res Nations<\/title>\n<meta name=\"robots\" content=\"index, follow, max-snippet:-1, max-image-preview:large, max-video-preview:-1\" \/>\n<link rel=\"canonical\" href=\"https:\/\/www.fnmhf.ca\/fr\/news-post\/ce-que-revelent-les-seances-de-mobilisation-2024-2025-sur-lautonomie-des-premieres-nations\/\" \/>\n<meta property=\"og:locale\" content=\"fr_FR\" \/>\n<meta property=\"og:type\" content=\"article\" \/>\n<meta property=\"og:title\" content=\"Ce que r\u00e9v\u00e8lent les s\u00e9ances de mobilisation 2024-2025 sur l\u2019autonomie des Premi\u00e8res Nations | Fonds pour les habitations du march\u00e9 des Premi\u00e8res Nations\" \/>\n<meta property=\"og:description\" content=\"\u00c0 la suite d\u2019une r\u00e9solution mise \u00e0 jour du Comit\u00e9 des Chefs de l\u2019Assembl\u00e9e des Premi\u00e8res Nations (APN) sur le logement en juillet\u00a02024, le Fonds a renouvel\u00e9 le processus de...\" \/>\n<meta property=\"og:url\" content=\"https:\/\/www.fnmhf.ca\/fr\/news-post\/ce-que-revelent-les-seances-de-mobilisation-2024-2025-sur-lautonomie-des-premieres-nations\/\" \/>\n<meta property=\"og:site_name\" content=\"Fonds pour les habitations du march\u00e9 des Premi\u00e8res Nations\" \/>\n<meta property=\"article:modified_time\" content=\"2025-09-29T15:33:31+00:00\" \/>\n<meta property=\"og:image\" content=\"https:\/\/www.fnmhf.ca\/wp-content\/uploads\/2025\/09\/IMG_1666-2.jpg\" \/>\n\t<meta property=\"og:image:width\" content=\"1920\" \/>\n\t<meta property=\"og:image:height\" content=\"1189\" \/>\n\t<meta property=\"og:image:type\" content=\"image\/jpeg\" \/>\n<meta name=\"twitter:card\" content=\"summary_large_image\" \/>\n<meta name=\"twitter:label1\" content=\"Est. reading time\" \/>\n\t<meta name=\"twitter:data1\" content=\"10 minutes\" \/>\n<script type=\"application\/ld+json\" class=\"yoast-schema-graph\">{\"@context\":\"https:\\\/\\\/schema.org\",\"@graph\":[{\"@type\":\"WebPage\",\"@id\":\"https:\\\/\\\/www.fnmhf.ca\\\/fr\\\/news-post\\\/ce-que-revelent-les-seances-de-mobilisation-2024-2025-sur-lautonomie-des-premieres-nations\\\/\",\"url\":\"https:\\\/\\\/www.fnmhf.ca\\\/fr\\\/news-post\\\/ce-que-revelent-les-seances-de-mobilisation-2024-2025-sur-lautonomie-des-premieres-nations\\\/\",\"name\":\"Ce que r\u00e9v\u00e8lent les s\u00e9ances de mobilisation 2024-2025 sur l\u2019autonomie des Premi\u00e8res Nations | Fonds pour les habitations du march\u00e9 des Premi\u00e8res Nations\",\"isPartOf\":{\"@id\":\"https:\\\/\\\/www.fnmhf.ca\\\/#website\"},\"primaryImageOfPage\":{\"@id\":\"https:\\\/\\\/www.fnmhf.ca\\\/fr\\\/news-post\\\/ce-que-revelent-les-seances-de-mobilisation-2024-2025-sur-lautonomie-des-premieres-nations\\\/#primaryimage\"},\"image\":{\"@id\":\"https:\\\/\\\/www.fnmhf.ca\\\/fr\\\/news-post\\\/ce-que-revelent-les-seances-de-mobilisation-2024-2025-sur-lautonomie-des-premieres-nations\\\/#primaryimage\"},\"thumbnailUrl\":\"https:\\\/\\\/www.fnmhf.ca\\\/wp-content\\\/uploads\\\/2025\\\/09\\\/IMG_1666-2.jpg\",\"datePublished\":\"2025-09-29T15:11:24+00:00\",\"dateModified\":\"2025-09-29T15:33:31+00:00\",\"breadcrumb\":{\"@id\":\"https:\\\/\\\/www.fnmhf.ca\\\/fr\\\/news-post\\\/ce-que-revelent-les-seances-de-mobilisation-2024-2025-sur-lautonomie-des-premieres-nations\\\/#breadcrumb\"},\"inLanguage\":\"fr-FR\",\"potentialAction\":[{\"@type\":\"ReadAction\",\"target\":[\"https:\\\/\\\/www.fnmhf.ca\\\/fr\\\/news-post\\\/ce-que-revelent-les-seances-de-mobilisation-2024-2025-sur-lautonomie-des-premieres-nations\\\/\"]}]},{\"@type\":\"ImageObject\",\"inLanguage\":\"fr-FR\",\"@id\":\"https:\\\/\\\/www.fnmhf.ca\\\/fr\\\/news-post\\\/ce-que-revelent-les-seances-de-mobilisation-2024-2025-sur-lautonomie-des-premieres-nations\\\/#primaryimage\",\"url\":\"https:\\\/\\\/www.fnmhf.ca\\\/wp-content\\\/uploads\\\/2025\\\/09\\\/IMG_1666-2.jpg\",\"contentUrl\":\"https:\\\/\\\/www.fnmhf.ca\\\/wp-content\\\/uploads\\\/2025\\\/09\\\/IMG_1666-2.jpg\",\"width\":1920,\"height\":1189,\"caption\":\"A close-up of a whiteboard displaying colourful sticky notes\"},{\"@type\":\"BreadcrumbList\",\"@id\":\"https:\\\/\\\/www.fnmhf.ca\\\/fr\\\/news-post\\\/ce-que-revelent-les-seances-de-mobilisation-2024-2025-sur-lautonomie-des-premieres-nations\\\/#breadcrumb\",\"itemListElement\":[{\"@type\":\"ListItem\",\"position\":1,\"name\":\"Accueil\",\"item\":\"https:\\\/\\\/www.fnmhf.ca\\\/fr\\\/\"},{\"@type\":\"ListItem\",\"position\":2,\"name\":\"News\",\"item\":\"https:\\\/\\\/www.fnmhf.ca\\\/news-post\\\/\"},{\"@type\":\"ListItem\",\"position\":3,\"name\":\"Ce que r\u00e9v\u00e8lent les s\u00e9ances de mobilisation 2024-2025 sur l\u2019autonomie des Premi\u00e8res Nations\"}]},{\"@type\":\"WebSite\",\"@id\":\"https:\\\/\\\/www.fnmhf.ca\\\/#website\",\"url\":\"https:\\\/\\\/www.fnmhf.ca\\\/\",\"name\":\"Fonds pour les habitations du march\u00e9 des Premi\u00e8res Nations\",\"description\":\"\",\"potentialAction\":[{\"@type\":\"SearchAction\",\"target\":{\"@type\":\"EntryPoint\",\"urlTemplate\":\"https:\\\/\\\/www.fnmhf.ca\\\/?s={search_term_string}\"},\"query-input\":{\"@type\":\"PropertyValueSpecification\",\"valueRequired\":true,\"valueName\":\"search_term_string\"}}],\"inLanguage\":\"fr-FR\"}]}<\/script>\n<!-- \/ Yoast SEO plugin. -->","yoast_head_json":{"title":"Ce que r\u00e9v\u00e8lent les s\u00e9ances de mobilisation 2024-2025 sur l\u2019autonomie des Premi\u00e8res Nations | Fonds pour les habitations du march\u00e9 des Premi\u00e8res Nations","robots":{"index":"index","follow":"follow","max-snippet":"max-snippet:-1","max-image-preview":"max-image-preview:large","max-video-preview":"max-video-preview:-1"},"canonical":"https:\/\/www.fnmhf.ca\/fr\/news-post\/ce-que-revelent-les-seances-de-mobilisation-2024-2025-sur-lautonomie-des-premieres-nations\/","og_locale":"fr_FR","og_type":"article","og_title":"Ce que r\u00e9v\u00e8lent les s\u00e9ances de mobilisation 2024-2025 sur l\u2019autonomie des Premi\u00e8res Nations | Fonds pour les habitations du march\u00e9 des Premi\u00e8res Nations","og_description":"\u00c0 la suite d\u2019une r\u00e9solution mise \u00e0 jour du Comit\u00e9 des Chefs de l\u2019Assembl\u00e9e des Premi\u00e8res Nations (APN) sur le logement en juillet\u00a02024, le Fonds a renouvel\u00e9 le processus de...","og_url":"https:\/\/www.fnmhf.ca\/fr\/news-post\/ce-que-revelent-les-seances-de-mobilisation-2024-2025-sur-lautonomie-des-premieres-nations\/","og_site_name":"Fonds pour les habitations du march\u00e9 des Premi\u00e8res Nations","article_modified_time":"2025-09-29T15:33:31+00:00","og_image":[{"width":1920,"height":1189,"url":"https:\/\/www.fnmhf.ca\/wp-content\/uploads\/2025\/09\/IMG_1666-2.jpg","type":"image\/jpeg"}],"twitter_card":"summary_large_image","twitter_misc":{"Est. reading time":"10 minutes"},"schema":{"@context":"https:\/\/schema.org","@graph":[{"@type":"WebPage","@id":"https:\/\/www.fnmhf.ca\/fr\/news-post\/ce-que-revelent-les-seances-de-mobilisation-2024-2025-sur-lautonomie-des-premieres-nations\/","url":"https:\/\/www.fnmhf.ca\/fr\/news-post\/ce-que-revelent-les-seances-de-mobilisation-2024-2025-sur-lautonomie-des-premieres-nations\/","name":"Ce que r\u00e9v\u00e8lent les s\u00e9ances de mobilisation 2024-2025 sur l\u2019autonomie des Premi\u00e8res Nations | Fonds pour les habitations du march\u00e9 des Premi\u00e8res Nations","isPartOf":{"@id":"https:\/\/www.fnmhf.ca\/#website"},"primaryImageOfPage":{"@id":"https:\/\/www.fnmhf.ca\/fr\/news-post\/ce-que-revelent-les-seances-de-mobilisation-2024-2025-sur-lautonomie-des-premieres-nations\/#primaryimage"},"image":{"@id":"https:\/\/www.fnmhf.ca\/fr\/news-post\/ce-que-revelent-les-seances-de-mobilisation-2024-2025-sur-lautonomie-des-premieres-nations\/#primaryimage"},"thumbnailUrl":"https:\/\/www.fnmhf.ca\/wp-content\/uploads\/2025\/09\/IMG_1666-2.jpg","datePublished":"2025-09-29T15:11:24+00:00","dateModified":"2025-09-29T15:33:31+00:00","breadcrumb":{"@id":"https:\/\/www.fnmhf.ca\/fr\/news-post\/ce-que-revelent-les-seances-de-mobilisation-2024-2025-sur-lautonomie-des-premieres-nations\/#breadcrumb"},"inLanguage":"fr-FR","potentialAction":[{"@type":"ReadAction","target":["https:\/\/www.fnmhf.ca\/fr\/news-post\/ce-que-revelent-les-seances-de-mobilisation-2024-2025-sur-lautonomie-des-premieres-nations\/"]}]},{"@type":"ImageObject","inLanguage":"fr-FR","@id":"https:\/\/www.fnmhf.ca\/fr\/news-post\/ce-que-revelent-les-seances-de-mobilisation-2024-2025-sur-lautonomie-des-premieres-nations\/#primaryimage","url":"https:\/\/www.fnmhf.ca\/wp-content\/uploads\/2025\/09\/IMG_1666-2.jpg","contentUrl":"https:\/\/www.fnmhf.ca\/wp-content\/uploads\/2025\/09\/IMG_1666-2.jpg","width":1920,"height":1189,"caption":"A close-up of a whiteboard displaying colourful sticky notes"},{"@type":"BreadcrumbList","@id":"https:\/\/www.fnmhf.ca\/fr\/news-post\/ce-que-revelent-les-seances-de-mobilisation-2024-2025-sur-lautonomie-des-premieres-nations\/#breadcrumb","itemListElement":[{"@type":"ListItem","position":1,"name":"Accueil","item":"https:\/\/www.fnmhf.ca\/fr\/"},{"@type":"ListItem","position":2,"name":"News","item":"https:\/\/www.fnmhf.ca\/news-post\/"},{"@type":"ListItem","position":3,"name":"Ce que r\u00e9v\u00e8lent les s\u00e9ances de mobilisation 2024-2025 sur l\u2019autonomie des Premi\u00e8res Nations"}]},{"@type":"WebSite","@id":"https:\/\/www.fnmhf.ca\/#website","url":"https:\/\/www.fnmhf.ca\/","name":"Fonds pour les habitations du march\u00e9 des Premi\u00e8res Nations","description":"","potentialAction":[{"@type":"SearchAction","target":{"@type":"EntryPoint","urlTemplate":"https:\/\/www.fnmhf.ca\/?s={search_term_string}"},"query-input":{"@type":"PropertyValueSpecification","valueRequired":true,"valueName":"search_term_string"}}],"inLanguage":"fr-FR"}]}},"_links":{"self":[{"href":"https:\/\/www.fnmhf.ca\/fr\/wp-json\/wp\/v2\/news-post\/12983","targetHints":{"allow":["GET"]}}],"collection":[{"href":"https:\/\/www.fnmhf.ca\/fr\/wp-json\/wp\/v2\/news-post"}],"about":[{"href":"https:\/\/www.fnmhf.ca\/fr\/wp-json\/wp\/v2\/types\/news-post"}],"version-history":[{"count":7,"href":"https:\/\/www.fnmhf.ca\/fr\/wp-json\/wp\/v2\/news-post\/12983\/revisions"}],"predecessor-version":[{"id":12998,"href":"https:\/\/www.fnmhf.ca\/fr\/wp-json\/wp\/v2\/news-post\/12983\/revisions\/12998"}],"wp:featuredmedia":[{"embeddable":true,"href":"https:\/\/www.fnmhf.ca\/fr\/wp-json\/wp\/v2\/media\/12972"}],"wp:attachment":[{"href":"https:\/\/www.fnmhf.ca\/fr\/wp-json\/wp\/v2\/media?parent=12983"}],"wp:term":[{"taxonomy":"is-featured","embeddable":true,"href":"https:\/\/www.fnmhf.ca\/fr\/wp-json\/wp\/v2\/is-featured?post=12983"},{"taxonomy":"news-category","embeddable":true,"href":"https:\/\/www.fnmhf.ca\/fr\/wp-json\/wp\/v2\/news-category?post=12983"},{"taxonomy":"news-type","embeddable":true,"href":"https:\/\/www.fnmhf.ca\/fr\/wp-json\/wp\/v2\/news-type?post=12983"}],"curies":[{"name":"wp","href":"https:\/\/api.w.org\/{rel}","templated":true}]}}