{"id":14455,"date":"2026-04-30T11:37:24","date_gmt":"2026-04-30T15:37:24","guid":{"rendered":"https:\/\/www.fnmhf.ca\/?post_type=news-post&#038;p=14455"},"modified":"2026-04-30T11:37:24","modified_gmt":"2026-04-30T15:37:24","slug":"un-moment-de-partenariat-lapn-et-le-fhmpn-se-reunissent-lors-de-la-premiere-aga-du-fonds","status":"publish","type":"news-post","link":"https:\/\/www.fnmhf.ca\/fr\/news-post\/un-moment-de-partenariat-lapn-et-le-fhmpn-se-reunissent-lors-de-la-premiere-aga-du-fonds\/","title":{"rendered":"Un moment de partenariat : l\u2019APN et le FHMPN se r\u00e9unissent lors de la premi\u00e8re assembl\u00e9e g\u00e9n\u00e9rale annuelle du Fonds"},"content":{"rendered":"<p>En d\u00e9cembre 2025, le Fonds pour les habitations du march\u00e9 des Premi\u00e8res Nations (le Fonds) a tenu sa premi\u00e8re assembl\u00e9e g\u00e9n\u00e9rale annuelle (AGA). Cette rencontre a marqu\u00e9 une \u00e9tape importante dans l\u2019\u00e9volution du Fonds, alors qu\u2019il continue de renforcer sa gouvernance, ses relations et son r\u00f4le dans le soutien au financement du logement des Premi\u00e8res Nations.<\/p>\n<p>L\u2019AGA s\u2019est tenue au si\u00e8ge de l\u2019Assembl\u00e9e des Premi\u00e8res Nations (APN), \u00e0 Ottawa. L\u2019espace a \u00e9t\u00e9 g\u00e9n\u00e9reusement mis \u00e0 disposition par l\u2019APN, offrant un cadre qui refl\u00e8te la relation de longue date et la collaboration continue entre les deux organisations.<\/p>\n<p>Ce billet revient sur ce moment de rassemblement, sur la port\u00e9e de cet espace partag\u00e9 et sur un geste de reconnaissance \u00e9chang\u00e9 entre l\u2019APN et le Fonds.<\/p>\n<h3>Un geste de reconnaissance<\/h3>\n<p>\u00c0 titre de reconnaissance pour l\u2019accueil de l\u2019AGA, le Fonds a remis \u00e0 l\u2019APN une \u0153uvre encadr\u00e9e command\u00e9e \u00e0 Brent Hardisty.<\/p>\n<p>L\u2019\u0153uvre, command\u00e9e par le Fonds, a \u00e9t\u00e9 choisie pour \u00e9voquer des th\u00e8mes li\u00e9s \u00e0 l\u2019identit\u00e9, au territoire et aux liens qui les unissent. Elle a \u00e9t\u00e9 offerte comme symbole de gratitude pour le soutien de l\u2019APN dans l\u2019accueil de la premi\u00e8re AGA du Fonds.<\/p>\n<p>Cet \u00e9change t\u00e9moigne d\u2019un moment de reconnaissance entre les deux organisations, soulignant \u00e0 la fois les dimensions pratiques et relationnelles de leur collaboration continue.<\/p>\n<h3>La collaboration entre l\u2019APN et le Fonds<\/h3>\n<p>La relation entre l\u2019APN et le Fonds continue d\u2019\u00e9voluer autour de priorit\u00e9s communes en mati\u00e8re de logement et de financement du logement des Premi\u00e8res Nations.<\/p>\n<p>Au cours des derni\u00e8res ann\u00e9es, les deux organisations ont particip\u00e9 \u00e0 des discussions et \u00e0 des initiatives visant \u00e0 am\u00e9liorer l\u2019acc\u00e8s au logement, \u00e0 soutenir des approches dirig\u00e9es par les communaut\u00e9s et \u00e0 explorer des mod\u00e8les \u00e0 long terme pour le contr\u00f4le par les Premi\u00e8res Nations des outils de financement du logement.<\/p>\n<p>Dans ce contexte, l\u2019APN continue de jouer un r\u00f4le de leadership et de repr\u00e9sentation \u00e0 l\u2019\u00e9chelle nationale, tandis que le Fonds se concentre sur le d\u00e9veloppement et la mise en \u0153uvre de m\u00e9canismes de financement du logement destin\u00e9s \u00e0 soutenir l\u2019accession \u00e0 la propri\u00e9t\u00e9 et le choix en mati\u00e8re de logement pour les Premi\u00e8res Nations.<\/p>\n<p>Bien que leurs r\u00f4les soient distincts, une convergence des objectifs et des orientations demeure.<\/p>\n<h3>Conclusion<\/h3>\n<p>La premi\u00e8re AGA du Fonds a marqu\u00e9 une \u00e9tape importante sur le plan op\u00e9rationnel, tout en mettant en lumi\u00e8re l\u2019importance des relations qui soutiennent son d\u00e9veloppement continu.<\/p>\n<p>L\u2019offre d\u2019espace par l\u2019APN, ainsi que la remise d\u2019une \u0153uvre command\u00e9e \u00e0 Brent Hardisty, t\u00e9moignent d\u2019un moment de reconnaissance entre les deux organisations.<\/p>\n<p>\u00c0 mesure que le Fonds \u00e9volue, la collaboration avec des organisations des Premi\u00e8res Nations telles que l\u2019APN demeure un \u00e9l\u00e9ment du contexte plus large dans lequel s\u2019inscrivent les discussions sur le financement du logement, le d\u00e9veloppement de la gouvernance et les transformations \u00e0 long terme des syst\u00e8mes.<\/p>\n","protected":false},"excerpt":{"rendered":"<p>En d\u00e9cembre 2025, le Fonds pour les habitations du march\u00e9 des Premi\u00e8res Nations (le Fonds) a tenu sa premi\u00e8re assembl\u00e9e g\u00e9n\u00e9rale annuelle (AGA). Cette rencontre a marqu\u00e9 une \u00e9tape importante&#8230;<\/p>\n","protected":false},"featured_media":14457,"template":"","meta":{"_acf_changed":false},"is-featured":[58],"news-category":[67],"news-type":[],"class_list":["post-14455","news-post","type-news-post","status-publish","has-post-thumbnail","hentry","is-featured-featured-fr","news-category-blogue-du-fhmpn"],"acf":[],"yoast_head":"<!-- This site is optimized with the Yoast SEO plugin v27.5 - https:\/\/yoast.com\/product\/yoast-seo-wordpress\/ -->\n<title>Un moment de partenariat : l\u2019APN et le FHMPN se r\u00e9unissent lors de la premi\u00e8re assembl\u00e9e g\u00e9n\u00e9rale annuelle du Fonds | Fonds pour les habitations du march\u00e9 des Premi\u00e8res Nations<\/title>\n<meta name=\"robots\" content=\"index, follow, max-snippet:-1, max-image-preview:large, max-video-preview:-1\" \/>\n<link rel=\"canonical\" href=\"https:\/\/www.fnmhf.ca\/news-post\/a-moment-of-partnership-afn-and-fnmhf-come-together-at-the-funds-first-agm\/\" \/>\n<meta property=\"og:locale\" content=\"fr_FR\" \/>\n<meta property=\"og:type\" content=\"article\" \/>\n<meta property=\"og:title\" content=\"Un moment de partenariat : l\u2019APN et le FHMPN se r\u00e9unissent lors de la premi\u00e8re assembl\u00e9e g\u00e9n\u00e9rale annuelle du Fonds | Fonds pour les habitations du march\u00e9 des Premi\u00e8res Nations\" \/>\n<meta property=\"og:description\" content=\"En d\u00e9cembre 2025, le Fonds pour les habitations du march\u00e9 des Premi\u00e8res Nations (le Fonds) a tenu sa premi\u00e8re assembl\u00e9e g\u00e9n\u00e9rale annuelle (AGA). Cette rencontre a marqu\u00e9 une \u00e9tape importante...\" \/>\n<meta property=\"og:url\" content=\"https:\/\/www.fnmhf.ca\/news-post\/a-moment-of-partnership-afn-and-fnmhf-come-together-at-the-funds-first-agm\/\" \/>\n<meta property=\"og:site_name\" content=\"Fonds pour les habitations du march\u00e9 des Premi\u00e8res Nations\" \/>\n<meta property=\"og:image\" content=\"https:\/\/www.fnmhf.ca\/wp-content\/uploads\/2026\/04\/FNMHF-2026-AFN-Gift-scaled.jpg\" \/>\n\t<meta property=\"og:image:width\" content=\"2560\" \/>\n\t<meta property=\"og:image:height\" content=\"1440\" \/>\n\t<meta property=\"og:image:type\" content=\"image\/jpeg\" \/>\n<meta name=\"twitter:card\" content=\"summary_large_image\" \/>\n<meta name=\"twitter:label1\" content=\"Est. reading time\" \/>\n\t<meta name=\"twitter:data1\" content=\"3 minutes\" \/>\n<script type=\"application\/ld+json\" class=\"yoast-schema-graph\">{\"@context\":\"https:\\\/\\\/schema.org\",\"@graph\":[{\"@type\":\"WebPage\",\"@id\":\"https:\\\/\\\/www.fnmhf.ca\\\/news-post\\\/a-moment-of-partnership-afn-and-fnmhf-come-together-at-the-funds-first-agm\\\/\",\"url\":\"https:\\\/\\\/www.fnmhf.ca\\\/news-post\\\/a-moment-of-partnership-afn-and-fnmhf-come-together-at-the-funds-first-agm\\\/\",\"name\":\"Un moment de partenariat : l\u2019APN et le FHMPN se r\u00e9unissent lors de la premi\u00e8re assembl\u00e9e g\u00e9n\u00e9rale annuelle du Fonds | Fonds pour les habitations du march\u00e9 des Premi\u00e8res Nations\",\"isPartOf\":{\"@id\":\"https:\\\/\\\/www.fnmhf.ca\\\/#website\"},\"primaryImageOfPage\":{\"@id\":\"https:\\\/\\\/www.fnmhf.ca\\\/news-post\\\/a-moment-of-partnership-afn-and-fnmhf-come-together-at-the-funds-first-agm\\\/#primaryimage\"},\"image\":{\"@id\":\"https:\\\/\\\/www.fnmhf.ca\\\/news-post\\\/a-moment-of-partnership-afn-and-fnmhf-come-together-at-the-funds-first-agm\\\/#primaryimage\"},\"thumbnailUrl\":\"https:\\\/\\\/www.fnmhf.ca\\\/wp-content\\\/uploads\\\/2026\\\/04\\\/FNMHF-2026-AFN-Gift-scaled.jpg\",\"datePublished\":\"2026-04-30T15:37:24+00:00\",\"breadcrumb\":{\"@id\":\"https:\\\/\\\/www.fnmhf.ca\\\/news-post\\\/a-moment-of-partnership-afn-and-fnmhf-come-together-at-the-funds-first-agm\\\/#breadcrumb\"},\"inLanguage\":\"fr-FR\",\"potentialAction\":[{\"@type\":\"ReadAction\",\"target\":[\"https:\\\/\\\/www.fnmhf.ca\\\/news-post\\\/a-moment-of-partnership-afn-and-fnmhf-come-together-at-the-funds-first-agm\\\/\"]}]},{\"@type\":\"ImageObject\",\"inLanguage\":\"fr-FR\",\"@id\":\"https:\\\/\\\/www.fnmhf.ca\\\/news-post\\\/a-moment-of-partnership-afn-and-fnmhf-come-together-at-the-funds-first-agm\\\/#primaryimage\",\"url\":\"https:\\\/\\\/www.fnmhf.ca\\\/wp-content\\\/uploads\\\/2026\\\/04\\\/FNMHF-2026-AFN-Gift-scaled.jpg\",\"contentUrl\":\"https:\\\/\\\/www.fnmhf.ca\\\/wp-content\\\/uploads\\\/2026\\\/04\\\/FNMHF-2026-AFN-Gift-scaled.jpg\",\"width\":2560,\"height\":1440},{\"@type\":\"BreadcrumbList\",\"@id\":\"https:\\\/\\\/www.fnmhf.ca\\\/news-post\\\/a-moment-of-partnership-afn-and-fnmhf-come-together-at-the-funds-first-agm\\\/#breadcrumb\",\"itemListElement\":[{\"@type\":\"ListItem\",\"position\":1,\"name\":\"Accueil\",\"item\":\"https:\\\/\\\/www.fnmhf.ca\\\/fr\\\/\"},{\"@type\":\"ListItem\",\"position\":2,\"name\":\"News\",\"item\":\"https:\\\/\\\/www.fnmhf.ca\\\/news-post\\\/\"},{\"@type\":\"ListItem\",\"position\":3,\"name\":\"Un moment de partenariat : l\u2019APN et le FHMPN se r\u00e9unissent lors de la premi\u00e8re assembl\u00e9e g\u00e9n\u00e9rale annuelle du Fonds\"}]},{\"@type\":\"WebSite\",\"@id\":\"https:\\\/\\\/www.fnmhf.ca\\\/#website\",\"url\":\"https:\\\/\\\/www.fnmhf.ca\\\/\",\"name\":\"Fonds pour les habitations du march\u00e9 des Premi\u00e8res Nations\",\"description\":\"\",\"potentialAction\":[{\"@type\":\"SearchAction\",\"target\":{\"@type\":\"EntryPoint\",\"urlTemplate\":\"https:\\\/\\\/www.fnmhf.ca\\\/?s={search_term_string}\"},\"query-input\":{\"@type\":\"PropertyValueSpecification\",\"valueRequired\":true,\"valueName\":\"search_term_string\"}}],\"inLanguage\":\"fr-FR\"}]}<\/script>\n<!-- \/ Yoast SEO plugin. -->","yoast_head_json":{"title":"Un moment de partenariat : l\u2019APN et le FHMPN se r\u00e9unissent lors de la premi\u00e8re assembl\u00e9e g\u00e9n\u00e9rale annuelle du Fonds | Fonds pour les habitations du march\u00e9 des Premi\u00e8res Nations","robots":{"index":"index","follow":"follow","max-snippet":"max-snippet:-1","max-image-preview":"max-image-preview:large","max-video-preview":"max-video-preview:-1"},"canonical":"https:\/\/www.fnmhf.ca\/news-post\/a-moment-of-partnership-afn-and-fnmhf-come-together-at-the-funds-first-agm\/","og_locale":"fr_FR","og_type":"article","og_title":"Un moment de partenariat : l\u2019APN et le FHMPN se r\u00e9unissent lors de la premi\u00e8re assembl\u00e9e g\u00e9n\u00e9rale annuelle du Fonds | Fonds pour les habitations du march\u00e9 des Premi\u00e8res Nations","og_description":"En d\u00e9cembre 2025, le Fonds pour les habitations du march\u00e9 des Premi\u00e8res Nations (le Fonds) a tenu sa premi\u00e8re assembl\u00e9e g\u00e9n\u00e9rale annuelle (AGA). Cette rencontre a marqu\u00e9 une \u00e9tape importante...","og_url":"https:\/\/www.fnmhf.ca\/news-post\/a-moment-of-partnership-afn-and-fnmhf-come-together-at-the-funds-first-agm\/","og_site_name":"Fonds pour les habitations du march\u00e9 des Premi\u00e8res Nations","og_image":[{"width":2560,"height":1440,"url":"https:\/\/www.fnmhf.ca\/wp-content\/uploads\/2026\/04\/FNMHF-2026-AFN-Gift-scaled.jpg","type":"image\/jpeg"}],"twitter_card":"summary_large_image","twitter_misc":{"Est. reading time":"3 minutes"},"schema":{"@context":"https:\/\/schema.org","@graph":[{"@type":"WebPage","@id":"https:\/\/www.fnmhf.ca\/news-post\/a-moment-of-partnership-afn-and-fnmhf-come-together-at-the-funds-first-agm\/","url":"https:\/\/www.fnmhf.ca\/news-post\/a-moment-of-partnership-afn-and-fnmhf-come-together-at-the-funds-first-agm\/","name":"Un moment de partenariat : l\u2019APN et le FHMPN se r\u00e9unissent lors de la premi\u00e8re assembl\u00e9e g\u00e9n\u00e9rale annuelle du Fonds | Fonds pour les habitations du march\u00e9 des Premi\u00e8res Nations","isPartOf":{"@id":"https:\/\/www.fnmhf.ca\/#website"},"primaryImageOfPage":{"@id":"https:\/\/www.fnmhf.ca\/news-post\/a-moment-of-partnership-afn-and-fnmhf-come-together-at-the-funds-first-agm\/#primaryimage"},"image":{"@id":"https:\/\/www.fnmhf.ca\/news-post\/a-moment-of-partnership-afn-and-fnmhf-come-together-at-the-funds-first-agm\/#primaryimage"},"thumbnailUrl":"https:\/\/www.fnmhf.ca\/wp-content\/uploads\/2026\/04\/FNMHF-2026-AFN-Gift-scaled.jpg","datePublished":"2026-04-30T15:37:24+00:00","breadcrumb":{"@id":"https:\/\/www.fnmhf.ca\/news-post\/a-moment-of-partnership-afn-and-fnmhf-come-together-at-the-funds-first-agm\/#breadcrumb"},"inLanguage":"fr-FR","potentialAction":[{"@type":"ReadAction","target":["https:\/\/www.fnmhf.ca\/news-post\/a-moment-of-partnership-afn-and-fnmhf-come-together-at-the-funds-first-agm\/"]}]},{"@type":"ImageObject","inLanguage":"fr-FR","@id":"https:\/\/www.fnmhf.ca\/news-post\/a-moment-of-partnership-afn-and-fnmhf-come-together-at-the-funds-first-agm\/#primaryimage","url":"https:\/\/www.fnmhf.ca\/wp-content\/uploads\/2026\/04\/FNMHF-2026-AFN-Gift-scaled.jpg","contentUrl":"https:\/\/www.fnmhf.ca\/wp-content\/uploads\/2026\/04\/FNMHF-2026-AFN-Gift-scaled.jpg","width":2560,"height":1440},{"@type":"BreadcrumbList","@id":"https:\/\/www.fnmhf.ca\/news-post\/a-moment-of-partnership-afn-and-fnmhf-come-together-at-the-funds-first-agm\/#breadcrumb","itemListElement":[{"@type":"ListItem","position":1,"name":"Accueil","item":"https:\/\/www.fnmhf.ca\/fr\/"},{"@type":"ListItem","position":2,"name":"News","item":"https:\/\/www.fnmhf.ca\/news-post\/"},{"@type":"ListItem","position":3,"name":"Un moment de partenariat : l\u2019APN et le FHMPN se r\u00e9unissent lors de la premi\u00e8re assembl\u00e9e g\u00e9n\u00e9rale annuelle du Fonds"}]},{"@type":"WebSite","@id":"https:\/\/www.fnmhf.ca\/#website","url":"https:\/\/www.fnmhf.ca\/","name":"Fonds pour les habitations du march\u00e9 des Premi\u00e8res Nations","description":"","potentialAction":[{"@type":"SearchAction","target":{"@type":"EntryPoint","urlTemplate":"https:\/\/www.fnmhf.ca\/?s={search_term_string}"},"query-input":{"@type":"PropertyValueSpecification","valueRequired":true,"valueName":"search_term_string"}}],"inLanguage":"fr-FR"}]}},"_links":{"self":[{"href":"https:\/\/www.fnmhf.ca\/fr\/wp-json\/wp\/v2\/news-post\/14455","targetHints":{"allow":["GET"]}}],"collection":[{"href":"https:\/\/www.fnmhf.ca\/fr\/wp-json\/wp\/v2\/news-post"}],"about":[{"href":"https:\/\/www.fnmhf.ca\/fr\/wp-json\/wp\/v2\/types\/news-post"}],"version-history":[{"count":1,"href":"https:\/\/www.fnmhf.ca\/fr\/wp-json\/wp\/v2\/news-post\/14455\/revisions"}],"predecessor-version":[{"id":14460,"href":"https:\/\/www.fnmhf.ca\/fr\/wp-json\/wp\/v2\/news-post\/14455\/revisions\/14460"}],"wp:featuredmedia":[{"embeddable":true,"href":"https:\/\/www.fnmhf.ca\/fr\/wp-json\/wp\/v2\/media\/14457"}],"wp:attachment":[{"href":"https:\/\/www.fnmhf.ca\/fr\/wp-json\/wp\/v2\/media?parent=14455"}],"wp:term":[{"taxonomy":"is-featured","embeddable":true,"href":"https:\/\/www.fnmhf.ca\/fr\/wp-json\/wp\/v2\/is-featured?post=14455"},{"taxonomy":"news-category","embeddable":true,"href":"https:\/\/www.fnmhf.ca\/fr\/wp-json\/wp\/v2\/news-category?post=14455"},{"taxonomy":"news-type","embeddable":true,"href":"https:\/\/www.fnmhf.ca\/fr\/wp-json\/wp\/v2\/news-type?post=14455"}],"curies":[{"name":"wp","href":"https:\/\/api.w.org\/{rel}","templated":true}]}}