{"id":1471,"date":"2024-03-14T15:45:39","date_gmt":"2024-03-14T19:45:39","guid":{"rendered":"http:\/\/fnmhf-2025.local\/news-post\/infolettre-fondations-mars-2024\/"},"modified":"2025-08-27T12:42:40","modified_gmt":"2025-08-27T16:42:40","slug":"foundations-newsletter-march-2024-2","status":"publish","type":"news-post","link":"https:\/\/www.fnmhf.ca\/fr\/news-post\/foundations-newsletter-march-2024-2\/","title":{"rendered":"Infolettre Fondations &#8211; Mars 2024"},"content":{"rendered":"\n<figure class=\"wp-block-image size-large\"><img decoding=\"async\" src=\"https:\/\/www.fnmhf.ca\/wp-content\/uploads\/2024\/04\/Mars_FR-1024x409.png\" alt=\"\" class=\"wp-image-7317\"><\/figure>\n\n\n\n<div style=\"height:30px\" aria-hidden=\"true\" class=\"wp-block-spacer\"><\/div>\n\n\n\n<p>Bienvenue \u00e0 la derni\u00e8re \u00e9dition de notre bulletin d&rsquo;information, con\u00e7u pour vous tenir inform\u00e9 des d\u00e9veloppements r\u00e9cents, des initiatives et des histoires \u00e0 succ\u00e8s au sein du Fonds pour les habitations du march\u00e9 des Premi\u00e8res Nations (FHMPN). <\/p>\n\n\n\n<p>Nous sommes heureux de partager des mises \u00e0 jour sur la mani\u00e8re dont nous travaillons ensemble pour am\u00e9liorer les opportunit\u00e9s de logement pour les communaut\u00e9s des Premi\u00e8res Nations \u00e0 travers la nation. Plongeons dans les moments forts de ce trimestre :<\/p>\n\n\n\n<div style=\"height:30px\" aria-hidden=\"true\" class=\"wp-block-spacer\"><\/div>\n\n\n\n<figure class=\"wp-block-image size-large\"><img decoding=\"async\" src=\"https:\/\/www.fnmhf.ca\/wp-content\/uploads\/2024\/04\/Message-from-CEO_FR-1024x434.png\" alt=\"\" class=\"wp-image-7320\"><\/figure>\n\n\n\n<div style=\"height:30px\" aria-hidden=\"true\" class=\"wp-block-spacer\"><\/div>\n\n\n\n<p>Chers membres et parties prenantes estim\u00e9s, alors que nous entrons dans une nouvelle ann\u00e9e pleine d&rsquo;espoir et de possibilit\u00e9s, je suis heureux de partager avec vous certains de nos accomplissements de 2023 et quelques-uns des projets sur lesquels nous travaillons en 2024. En d\u00e9cembre 2023, l&rsquo;Association des professionnels de l&rsquo;habitation des Premi\u00e8res Nations (APHPN) et le Fonds pour les habitations du march\u00e9 des Premi\u00e8res Nations ont atteint une \u00e9tape significative en soutenant officiellement un protocole d&rsquo;entente. Il s&rsquo;agit d&rsquo;une avanc\u00e9e majeure dans notre travail visant \u00e0 promouvoir et \u00e0 soutenir la propri\u00e9t\u00e9 des Premi\u00e8res Nations. <a href=\"https:\/\/www.fnmhf.ca\/fr\/message-du-directeur-general-mars-2024\/\" data-type=\"URL\" data-id=\"https:\/\/www.fnmhf.ca\/message-from-the-ceo-december-2023\/\"><strong><mark style=\"background-color:rgba(0, 0, 0, 0)\" class=\"has-inline-color has-luminous-vivid-orange-color\">[EN SAVOIR PLUS ICI]<\/mark><\/strong><\/a><\/p>\n\n\n\n<div style=\"height:32px\" aria-hidden=\"true\" class=\"wp-block-spacer\"><\/div>\n\n\n\n<div class=\"wp-block-columns is-layout-flex wp-container-core-columns-is-layout-28f84493 wp-block-columns-is-layout-flex\">\n<div class=\"wp-block-column is-layout-flow wp-block-column-is-layout-flow\">\n<h2 class=\"wp-block-heading has-text-align-center\">Protocole d&rsquo;entente avec l\u2019APHPN<\/h2>\n\n\n\n<div style=\"height:22px\" aria-hidden=\"true\" class=\"wp-block-spacer\"><\/div>\n\n\n\n<figure class=\"wp-block-image size-large\"><img decoding=\"async\" src=\"https:\/\/www.fnmhf.ca\/wp-content\/uploads\/2024\/04\/1.-FNHPA-MOU-1024x1024.jpg\" alt=\"\" class=\"wp-image-7295\"><\/figure>\n\n\n\n<p>En d\u00e9cembre 2023, l&rsquo;Association des professionnels de l\u2019habitation des Premi\u00e8res Nations (APHPN) et le Fonds ont fi\u00e8rement sign\u00e9 un protocole d&rsquo;entente r\u00e9volutionnaire, marquant un moment d\u00e9cisif dans notre engagement commun \u00e0 faire progresser la capacit\u00e9 et le professionnalisme du logement des Premi\u00e8res Nations.<\/p>\n\n\n\n<p>L&rsquo;APHPN et le Fonds anticipent que ce partenariat strat\u00e9gique \u00e9tablira un pr\u00e9c\u00e9dent pour les collaborations futures, autonomisant les communaut\u00e9s des Premi\u00e8res Nations et contribuant \u00e0 l&rsquo;am\u00e9lioration globale des conditions de logement.<\/p>\n\n\n\n<p><a href=\"https:\/\/www.fnmhf.ca\/fr\/lassociation-des-professionnels-de-lhabitation-des-premieres-nations-et-le-fonds-pour-les-habitations-du-marche-des-premieres-nations-etablissent-un-partenariat-novateur-pour-faire-progress\/\"><mark style=\"background-color:rgba(0, 0, 0, 0)\" class=\"has-inline-color has-luminous-vivid-orange-color\"><strong>Lisez le communiqu\u00e9 de presse complet ici<\/strong><\/mark><\/a>.<\/p>\n<\/div>\n\n\n\n<div class=\"wp-block-column is-layout-flow wp-block-column-is-layout-flow\">\n<h2 class=\"wp-block-heading has-text-align-center\">Points saillants du Salon de l&rsquo;Assembl\u00e9e sp\u00e9ciale des Chefs de l&rsquo;APN<\/h2>\n\n\n\n<div style=\"height:22px\" aria-hidden=\"true\" class=\"wp-block-spacer\"><\/div>\n\n\n\n<figure class=\"wp-block-image size-large\"><img decoding=\"async\" src=\"https:\/\/www.fnmhf.ca\/wp-content\/uploads\/2024\/04\/2.-AFN_CWoodhouse_FR-1021x1024.png\" alt=\"\" class=\"wp-image-7322\"><\/figure>\n\n\n\n<p>Simultan\u00e9ment, le Fonds a assist\u00e9 \u00e0 l&rsquo;Assembl\u00e9e sp\u00e9ciale des Chefs de l&rsquo;APN en d\u00e9cembre 2023, o\u00f9 a eu lieu l&rsquo;\u00e9lection de la nouvelle Cheffe nationale de l&rsquo;Assembl\u00e9e des Premi\u00e8res Nations, Cindy Woodhouse. En tant que nouvelle Cheffe nationale, elle apporte une grande exp\u00e9rience et une vision du changement positif qui contribueront sans aucun doute \u00e0 la promotion des droits et de la prosp\u00e9rit\u00e9 autochtones. Nous avons h\u00e2te de collaborer avec la Cheffe nationale Cindy Woodhouse dans notre mission commune visant \u00e0 autonomiser les Premi\u00e8res Nations dans la r\u00e9alisation de solutions de logement durables.<\/p>\n<\/div>\n<\/div>\n\n\n\n<div style=\"height:39px\" aria-hidden=\"true\" class=\"wp-block-spacer\"><\/div>\n\n\n\n<div class=\"wp-block-columns is-layout-flex wp-container-core-columns-is-layout-28f84493 wp-block-columns-is-layout-flex\">\n<div class=\"wp-block-column is-layout-flow wp-block-column-is-layout-flow\">\n<h2 class=\"wp-block-heading has-text-align-center\">S\u00e9ance de planification strat\u00e9gique<\/h2>\n\n\n\n<div style=\"height:22px\" aria-hidden=\"true\" class=\"wp-block-spacer\"><\/div>\n\n\n\n<figure class=\"wp-block-gallery aligncenter has-nested-images columns-default is-cropped wp-block-gallery-1 is-layout-flex wp-block-gallery-is-layout-flex\">\n<figure class=\"wp-block-image size-large\"><img decoding=\"async\" data-id=\"7299\" src=\"https:\/\/www.fnmhf.ca\/wp-content\/uploads\/2024\/04\/3.-Akwesasne2023-901x1024.jpg\" alt=\"\" class=\"wp-image-7299\" style=\"aspect-ratio:1.1214953271028036\"><\/figure>\n<\/figure>\n\n\n\n<div style=\"height:11px\" aria-hidden=\"true\" class=\"wp-block-spacer\"><\/div>\n\n\n\n<p>Notre prochaine s\u00e9ance de planification strat\u00e9gique aura lieu en avril sur le territoire mohawk d&rsquo;Akwesasne. Cette r\u00e9union r\u00e9unira \u00e0 la fois le personnel et notre Conseil des fiduciaires, repr\u00e9sentant la diversit\u00e9 et la force du leadership des Premi\u00e8res Nations. Ce sera un moment d\u00e9cisif pour les discussions politiques et la prise de d\u00e9cision qui contribueront \u00e0 fa\u00e7onner l&rsquo;avenir du Fonds. Nous attendons avec impatience une s\u00e9ance productive et impactante.<\/p>\n<\/div>\n\n\n\n<div class=\"wp-block-column is-layout-flow wp-block-column-is-layout-flow\">\n<h2 class=\"wp-block-heading has-text-align-center\">Conf\u00e9rence nationale de l&rsquo;AFOA<\/h2>\n\n\n\n<div style=\"height:22px\" aria-hidden=\"true\" class=\"wp-block-spacer\"><\/div>\n\n\n\n<figure class=\"wp-block-gallery has-nested-images columns-default is-cropped wp-block-gallery-2 is-layout-flex wp-block-gallery-is-layout-flex\">\n<figure class=\"wp-block-image size-large\"><img decoding=\"async\" data-id=\"7301\" src=\"https:\/\/www.fnmhf.ca\/wp-content\/uploads\/2024\/04\/4.-AFOA_booth-1024x816.jpg\" alt=\"\" class=\"wp-image-7301\"><\/figure>\n<\/figure>\n\n\n\n<div style=\"height:12px\" aria-hidden=\"true\" class=\"wp-block-spacer\"><\/div>\n\n\n\n<p>Le Fonds a particip\u00e9 \u00e0 la 22e Conf\u00e9rence nationale de l&rsquo;AFOA Canada au d\u00e9but du mois de mars, \u00e0 Winnipeg. Ax\u00e9e sur la durabilit\u00e9, la diversit\u00e9 et l&rsquo;inclusion, l&rsquo;\u00e9quilibre entre travail et vie personnelle, et la navigation des changements technologiques rapides, l&rsquo;\u00e9v\u00e9nement \u00e9tait en accord avec le paysage \u00e9volutif du leadership dans les communaut\u00e9s autochtones. Alors que nous nous effor\u00e7ons d&rsquo;atteindre un objectif commun, le Fonds s&rsquo;engage \u00e0 garantir que notre style de leadership soit adaptatif et inspirant, favorisant un changement positif au b\u00e9n\u00e9fice des communaut\u00e9s des Premi\u00e8res Nations \u00e0 travers le Canada.<\/p>\n<\/div>\n<\/div>\n\n\n\n<div style=\"height:37px\" aria-hidden=\"true\" class=\"wp-block-spacer\"><\/div>\n\n\n\n<figure class=\"wp-block-gallery has-nested-images columns-default is-cropped wp-block-gallery-3 is-layout-flex wp-block-gallery-is-layout-flex\">\n<figure class=\"wp-block-image size-large\"><img decoding=\"async\" data-id=\"7324\" src=\"https:\/\/www.fnmhf.ca\/wp-content\/uploads\/2024\/04\/Save-the-date_FR-1024x224.png\" alt=\"\" class=\"wp-image-7324\"><\/figure>\n<\/figure>\n\n\n\n<div style=\"height:10px\" aria-hidden=\"true\" class=\"wp-block-spacer\"><\/div>\n\n\n\n<p>Ce printemps, le Fonds participera aux conf\u00e9rences suivantes :<\/p>\n\n\n\n<ul class=\"wp-block-list\">\n<li>Conf\u00e9rence annuelle sur la fiducie et l&rsquo;investissement de NATOA, les 3 et 4 avril \u00e0 Montr\u00e9al<\/li>\n\n\n\n<li>Our Gathering, kexwkexwnts\u00fat chet, t\u0259 sq\u0313\u0259q\u0313ip ct, du 22 au 24 avril \u00e0 Vancouver<\/li>\n\n\n\n<li>Forum sur la prosp\u00e9rit\u00e9 autochtone de la NACCA, les 8 et 9 mai \u00e0 Gatineau<\/li>\n<\/ul>\n\n\n\n<p>Gardez un \u0153il sur notre <strong><a href=\"https:\/\/www.fnmhf.ca\/fr\/events\/\"><mark style=\"background-color:rgba(0, 0, 0, 0)\" class=\"has-inline-color has-luminous-vivid-orange-color\">page d&rsquo;\u00e9v\u00e9nements<\/mark><\/a><mark style=\"background-color:rgba(0, 0, 0, 0)\" class=\"has-inline-color has-luminous-vivid-orange-color\"> <\/mark><\/strong>pour savoir o\u00f9 nous nous dirigeons !<\/p>\n\n\n\n<div style=\"height:38px\" aria-hidden=\"true\" class=\"wp-block-spacer\"><\/div>\n\n\n\n<div class=\"wp-block-columns is-layout-flex wp-container-core-columns-is-layout-28f84493 wp-block-columns-is-layout-flex\">\n<div class=\"wp-block-column is-layout-flow wp-block-column-is-layout-flow\">\n<h2 class=\"wp-block-heading has-text-align-center\">Maintenant sur TikTok<\/h2>\n\n\n\n<div style=\"height:22px\" aria-hidden=\"true\" class=\"wp-block-spacer\"><\/div>\n\n\n\n<figure class=\"wp-block-image aligncenter size-full is-resized\"><img decoding=\"async\" src=\"https:\/\/www.fnmhf.ca\/wp-content\/uploads\/2024\/04\/6.-TikTok2.png\" alt=\"\" class=\"wp-image-7305\" style=\"aspect-ratio:1.0124688279301746;width:390px;height:auto\"><\/figure>\n\n\n\n<div style=\"height:18px\" aria-hidden=\"true\" class=\"wp-block-spacer\"><\/div>\n\n\n\n<p>Le Fonds fait maintenant partie de la communaut\u00e9 TikTok ! Alors que nous continuons \u00e0 \u00e9tendre notre pr\u00e9sence en ligne, TikTok offre une plateforme int\u00e9ressante pour interagir avec notre public de mani\u00e8re cr\u00e9ative et engageante. Suivez-nous (@fnmhf_) pour des mises \u00e0 jour instructives, des aper\u00e7us en coulisses et des histoires inspirantes li\u00e9es aux initiatives de logement autochtones. Rejoignez-nous sur TikTok alors que nous partageons le parcours de la promotion de solutions de logement durables et de la construction de communaut\u00e9s plus fortes et prosp\u00e8res.<\/p>\n<\/div>\n\n\n\n<div class=\"wp-block-column is-layout-flow wp-block-column-is-layout-flow\">\n<h2 class=\"wp-block-heading has-text-align-center\">Nouvelle membre de l&rsquo;\u00e9quipe<\/h2>\n\n\n\n<div style=\"height:22px\" aria-hidden=\"true\" class=\"wp-block-spacer\"><\/div>\n\n\n\n<figure class=\"wp-block-image aligncenter size-full\"><img decoding=\"async\" src=\"https:\/\/www.fnmhf.ca\/wp-content\/uploads\/2024\/04\/7.-SRoundpoint.png\" alt=\"\" class=\"wp-image-7307\"><\/figure>\n\n\n\n<p>Nous sommes heureux d&rsquo;accueillir Sara Roundpoint en tant que nouvelle G\u00e9n\u00e9raliste en ressources humaines au sein du Fonds. Avec une solide exp\u00e9rience en ressources humaines et une expertise \u00e9tendue, Sara apporte une richesse de connaissances \u00e0 notre \u00e9quipe. Avant de nous rejoindre, Sara a occup\u00e9 le poste de Conseill\u00e8re sp\u00e9ciale aupr\u00e8s du pr\u00e9sident-directeur g\u00e9n\u00e9ral et des services financiers \u00e0 l&rsquo;Association des administrateurs de l&rsquo;\u00e9ducation des Premi\u00e8res Nations, et a occup\u00e9 des postes cl\u00e9s \u00e0 AFOA Canada, notamment celui de Responsable des ressources humaines\/Agente corporative et de Coordonnatrice ex\u00e9cutive. Nous avons h\u00e2te de b\u00e9n\u00e9ficier des pr\u00e9cieuses contributions de Sara alors que nous nous effor\u00e7ons de renforcer les communaut\u00e9s gr\u00e2ce \u00e0 des solutions de logement durables.<\/p>\n<\/div>\n<\/div>\n\n\n\n<div style=\"height:38px\" aria-hidden=\"true\" class=\"wp-block-spacer\"><\/div>\n\n\n\n<div class=\"wp-block-columns is-layout-flex wp-container-core-columns-is-layout-28f84493 wp-block-columns-is-layout-flex\">\n<div class=\"wp-block-column is-layout-flow wp-block-column-is-layout-flow\">\n<figure class=\"wp-block-image aligncenter size-full is-resized\"><img decoding=\"async\" src=\"https:\/\/www.fnmhf.ca\/wp-content\/uploads\/2024\/04\/8.-Website_FR.png\" alt=\"\" class=\"wp-image-7326\" style=\"width:311px;height:auto\"><\/figure>\n\n\n\n<p><\/p>\n<\/div>\n\n\n\n<div class=\"wp-block-column is-layout-flow wp-block-column-is-layout-flow\">\n<h2 class=\"wp-block-heading has-text-align-center\">fhmpn.ca<\/h2>\n\n\n\n<div style=\"height:22px\" aria-hidden=\"true\" class=\"wp-block-spacer\"><\/div>\n\n\n\n<p>Nous sommes ravis de vous pr\u00e9senter les derni\u00e8res am\u00e9liorations apport\u00e9es \u00e0 notre site web ! En plus de revitaliser notre contenu existant, nous avons introduit de nouvelles fonctionnalit\u00e9s, notamment une page de ressources, un blogue, des cas de succ\u00e8s, et bien plus encore. Assurez-vous de visiter <a href=\"https:\/\/www.fnmhf.ca\/fr\/\"><strong><mark style=\"background-color:rgba(0, 0, 0, 0)\" class=\"has-inline-color has-luminous-vivid-orange-color\">fhmpn.ca<\/mark><\/strong><\/a> r\u00e9guli\u00e8rement pour rester inform\u00e9 des derniers d\u00e9veloppements et explorer les ressources que nous avons s\u00e9lectionn\u00e9es pour vous.<\/p>\n<\/div>\n<\/div>\n\n\n\n<div style=\"height:40px\" aria-hidden=\"true\" class=\"wp-block-spacer\"><\/div>\n\n\n\n<figure class=\"wp-block-image size-large\"><img decoding=\"async\" src=\"https:\/\/www.fnmhf.ca\/wp-content\/uploads\/2024\/04\/9.-Easter_FR-1024x150.png\" alt=\"\" class=\"wp-image-7328\"><\/figure>\n\n\n\n<div style=\"height:20px\" aria-hidden=\"true\" class=\"wp-block-spacer\"><\/div>\n\n\n\n<p class=\"has-text-align-center\">Veuillez noter que le Fonds sera ferm\u00e9 le Vendredi saint (29 mars) et le lundi de P\u00e2ques (1er avril). Les horaires de bureau habituels reprendront le mardi 2 avril.<\/p>\n\n\n\n<div style=\"height:20px\" aria-hidden=\"true\" class=\"wp-block-spacer\"><\/div>\n\n\n\n<figure class=\"wp-block-image size-large\"><img decoding=\"async\" src=\"https:\/\/www.fnmhf.ca\/wp-content\/uploads\/2024\/04\/Rester-connecte-1024x150.png\" alt=\"\" class=\"wp-image-7330\"><\/figure>\n\n\n\n<p>Nous esp\u00e9rons que cette infolettre vous tient inform\u00e9(e), inspir\u00e9(e) et engag\u00e9(e) dans le travail en cours du Fonds. Votre soutien et votre engagement jouent un r\u00f4le essentiel dans la cr\u00e9ation de solutions de logement durables pour les communaut\u00e9s des Premi\u00e8res Nations.<\/p>\n\n\n\n<p>Si vous avez des questions, des commentaires ou des opportunit\u00e9s de partenariat passionnantes que vous aimeriez explorer, n\u2019h\u00e9sitez pas \u00e0 nous contacter. Nous sommes l\u00e0 pour \u00e9couter et collaborer, et vous pouvez contacter notre \u00e9quipe \u00e0 l\u2019adresse <a href=\"mailto:info@fnmhf.ca\"><strong><mark style=\"background-color:rgba(0, 0, 0, 0)\" class=\"has-inline-color has-luminous-vivid-orange-color\">info@fnmhf.ca<\/mark><\/strong><\/a>.<\/p>\n\n\n\n<p>Restez inform\u00e9(e) en vous connectant avec nous sur nos r\u00e9seaux sociaux pour des mises \u00e0 jour, des aper\u00e7us en coulisses et un contenu stimulant qui suscite des conversations significatives au sein de notre communaut\u00e9.<\/p>\n\n\n\n<p>Si vous appr\u00e9ciez les id\u00e9es et les r\u00e9cits que nous partageons dans cette infolettre, pourquoi ne pas en faire profiter les autres ? Invitez vos amis et coll\u00e8gues \u00e0 rejoindre notre communaut\u00e9 en <a href=\"https:\/\/fnmhf.us13.list-manage.com\/subscribe?u=ef9511ec45f76e5200445e3d9&#038;id=e3067b7f37\" data-type=\"URL\" data-id=\"https:\/\/fnmhf.us13.list-manage.com\/subscribe?u=ef9511ec45f76e5200445e3d9&#038;id=e3067b7f37\"><strong><mark style=\"background-color:rgba(0, 0, 0, 0)\" class=\"has-inline-color has-luminous-vivid-orange-color\">s&rsquo;abonnant \u00e0 notre l\u2019infolettre<\/mark><\/strong><\/a>. Ensemble, nous pouvons cr\u00e9er un \u00e9change et d\u2019exp\u00e9riences encore plus riche.<\/p>\n\n\n\n<hr class=\"wp-block-separator has-alpha-channel-opacity is-style-wide\">\n\n\n\n<div class=\"wp-block-group is-layout-constrained wp-block-group-is-layout-constrained\">\n<div class=\"wp-block-columns is-layout-flex wp-container-core-columns-is-layout-28f84493 wp-block-columns-is-layout-flex\">\n<div class=\"wp-block-column is-layout-flow wp-block-column-is-layout-flow\" style=\"flex-basis:100%\">\n<ul class=\"wp-block-social-links has-large-icon-size is-style-logos-only is-content-justification-center is-layout-flex wp-container-core-social-links-is-layout-a89b3969 wp-block-social-links-is-layout-flex\"><li class=\"wp-social-link wp-social-link-facebook  wp-block-social-link\"><a href=\"https:\/\/www.facebook.com\/FNMHF\" class=\"wp-block-social-link-anchor\"><svg width=\"24\" height=\"24\" viewBox=\"0 0 24 24\" version=\"1.1\" xmlns=\"http:\/\/www.w3.org\/2000\/svg\" aria-hidden=\"true\" focusable=\"false\"><path d=\"M12 2C6.5 2 2 6.5 2 12c0 5 3.7 9.1 8.4 9.9v-7H7.9V12h2.5V9.8c0-2.5 1.5-3.9 3.8-3.9 1.1 0 2.2.2 2.2.2v2.5h-1.3c-1.2 0-1.6.8-1.6 1.6V12h2.8l-.4 2.9h-2.3v7C18.3 21.1 22 17 22 12c0-5.5-4.5-10-10-10z\"><\/path><\/svg><span class=\"wp-block-social-link-label screen-reader-text\">Facebook<\/span><\/a><\/li>\n\n<li class=\"wp-social-link wp-social-link-instagram  wp-block-social-link\"><a href=\"https:\/\/www.instagram.com\/fnmhf_\/\" class=\"wp-block-social-link-anchor\"><svg width=\"24\" height=\"24\" viewBox=\"0 0 24 24\" version=\"1.1\" xmlns=\"http:\/\/www.w3.org\/2000\/svg\" aria-hidden=\"true\" focusable=\"false\"><path d=\"M12,4.622c2.403,0,2.688,0.009,3.637,0.052c0.877,0.04,1.354,0.187,1.671,0.31c0.42,0.163,0.72,0.358,1.035,0.673 c0.315,0.315,0.51,0.615,0.673,1.035c0.123,0.317,0.27,0.794,0.31,1.671c0.043,0.949,0.052,1.234,0.052,3.637 s-0.009,2.688-0.052,3.637c-0.04,0.877-0.187,1.354-0.31,1.671c-0.163,0.42-0.358,0.72-0.673,1.035 c-0.315,0.315-0.615,0.51-1.035,0.673c-0.317,0.123-0.794,0.27-1.671,0.31c-0.949,0.043-1.233,0.052-3.637,0.052 s-2.688-0.009-3.637-0.052c-0.877-0.04-1.354-0.187-1.671-0.31c-0.42-0.163-0.72-0.358-1.035-0.673 c-0.315-0.315-0.51-0.615-0.673-1.035c-0.123-0.317-0.27-0.794-0.31-1.671C4.631,14.688,4.622,14.403,4.622,12 s0.009-2.688,0.052-3.637c0.04-0.877,0.187-1.354,0.31-1.671c0.163-0.42,0.358-0.72,0.673-1.035 c0.315-0.315,0.615-0.51,1.035-0.673c0.317-0.123,0.794-0.27,1.671-0.31C9.312,4.631,9.597,4.622,12,4.622 M12,3 C9.556,3,9.249,3.01,8.289,3.054C7.331,3.098,6.677,3.25,6.105,3.472C5.513,3.702,5.011,4.01,4.511,4.511 c-0.5,0.5-0.808,1.002-1.038,1.594C3.25,6.677,3.098,7.331,3.054,8.289C3.01,9.249,3,9.556,3,12c0,2.444,0.01,2.751,0.054,3.711 c0.044,0.958,0.196,1.612,0.418,2.185c0.23,0.592,0.538,1.094,1.038,1.594c0.5,0.5,1.002,0.808,1.594,1.038 c0.572,0.222,1.227,0.375,2.185,0.418C9.249,20.99,9.556,21,12,21s2.751-0.01,3.711-0.054c0.958-0.044,1.612-0.196,2.185-0.418 c0.592-0.23,1.094-0.538,1.594-1.038c0.5-0.5,0.808-1.002,1.038-1.594c0.222-0.572,0.375-1.227,0.418-2.185 C20.99,14.751,21,14.444,21,12s-0.01-2.751-0.054-3.711c-0.044-0.958-0.196-1.612-0.418-2.185c-0.23-0.592-0.538-1.094-1.038-1.594 c-0.5-0.5-1.002-0.808-1.594-1.038c-0.572-0.222-1.227-0.375-2.185-0.418C14.751,3.01,14.444,3,12,3L12,3z M12,7.378 c-2.552,0-4.622,2.069-4.622,4.622S9.448,16.622,12,16.622s4.622-2.069,4.622-4.622S14.552,7.378,12,7.378z M12,15 c-1.657,0-3-1.343-3-3s1.343-3,3-3s3,1.343,3,3S13.657,15,12,15z M16.804,6.116c-0.596,0-1.08,0.484-1.08,1.08 s0.484,1.08,1.08,1.08c0.596,0,1.08-0.484,1.08-1.08S17.401,6.116,16.804,6.116z\"><\/path><\/svg><span class=\"wp-block-social-link-label screen-reader-text\">Instagram<\/span><\/a><\/li>\n\n<li class=\"wp-social-link wp-social-link-linkedin  wp-block-social-link\"><a href=\"https:\/\/www.linkedin.com\/company\/86745240\/admin\/feed\/posts\/\" class=\"wp-block-social-link-anchor\"><svg width=\"24\" height=\"24\" viewBox=\"0 0 24 24\" version=\"1.1\" xmlns=\"http:\/\/www.w3.org\/2000\/svg\" aria-hidden=\"true\" focusable=\"false\"><path d=\"M19.7,3H4.3C3.582,3,3,3.582,3,4.3v15.4C3,20.418,3.582,21,4.3,21h15.4c0.718,0,1.3-0.582,1.3-1.3V4.3 C21,3.582,20.418,3,19.7,3z M8.339,18.338H5.667v-8.59h2.672V18.338z M7.004,8.574c-0.857,0-1.549-0.694-1.549-1.548 c0-0.855,0.691-1.548,1.549-1.548c0.854,0,1.547,0.694,1.547,1.548C8.551,7.881,7.858,8.574,7.004,8.574z M18.339,18.338h-2.669 v-4.177c0-0.996-0.017-2.278-1.387-2.278c-1.389,0-1.601,1.086-1.601,2.206v4.249h-2.667v-8.59h2.559v1.174h0.037 c0.356-0.675,1.227-1.387,2.526-1.387c2.703,0,3.203,1.779,3.203,4.092V18.338z\"><\/path><\/svg><span class=\"wp-block-social-link-label screen-reader-text\">LinkedIn<\/span><\/a><\/li>\n\n<li class=\"wp-social-link wp-social-link-youtube  wp-block-social-link\"><a href=\"https:\/\/www.youtube.com\/@FNMHF\" class=\"wp-block-social-link-anchor\"><svg width=\"24\" height=\"24\" viewBox=\"0 0 24 24\" version=\"1.1\" xmlns=\"http:\/\/www.w3.org\/2000\/svg\" aria-hidden=\"true\" focusable=\"false\"><path d=\"M21.8,8.001c0,0-0.195-1.378-0.795-1.985c-0.76-0.797-1.613-0.801-2.004-0.847c-2.799-0.202-6.997-0.202-6.997-0.202 h-0.009c0,0-4.198,0-6.997,0.202C4.608,5.216,3.756,5.22,2.995,6.016C2.395,6.623,2.2,8.001,2.2,8.001S2,9.62,2,11.238v1.517 c0,1.618,0.2,3.237,0.2,3.237s0.195,1.378,0.795,1.985c0.761,0.797,1.76,0.771,2.205,0.855c1.6,0.153,6.8,0.201,6.8,0.201 s4.203-0.006,7.001-0.209c0.391-0.047,1.243-0.051,2.004-0.847c0.6-0.607,0.795-1.985,0.795-1.985s0.2-1.618,0.2-3.237v-1.517 C22,9.62,21.8,8.001,21.8,8.001z M9.935,14.594l-0.001-5.62l5.404,2.82L9.935,14.594z\"><\/path><\/svg><span class=\"wp-block-social-link-label screen-reader-text\">YouTube<\/span><\/a><\/li><\/ul>\n<\/div>\n<\/div>\n<\/div>\n\n\n\n<figure class=\"wp-block-image aligncenter size-large is-resized\"><img decoding=\"async\" src=\"https:\/\/www.fnmhf.ca\/wp-content\/uploads\/2024\/04\/fhmpn-color_body-1024x435.png\" alt=\"\" class=\"wp-image-7332\" style=\"width:213px;height:90px\"><\/figure>\n\n\n\n<p class=\"has-text-align-center\"><em>Copyright (C) 2024 Fonds pour les habitations du march\u00e9 des Premi\u00e8res Nations. Tous droits r\u00e9serv\u00e9.<\/em><\/p>\n","protected":false},"excerpt":{"rendered":"<p>Bienvenue \u00e0 la derni\u00e8re \u00e9dition de notre bulletin d&rsquo;information, con\u00e7u pour vous tenir inform\u00e9 des d\u00e9veloppements r\u00e9cents, des initiatives et des histoires \u00e0 succ\u00e8s au sein du Fonds pour les&#8230;<\/p>\n","protected":false},"featured_media":0,"template":"","meta":{"_acf_changed":false},"is-featured":[],"news-category":[47,44],"news-type":[],"class_list":["post-1471","news-post","type-news-post","status-publish","hentry","news-category-infolettres","news-category-nouvelles"],"acf":[],"yoast_head":"<!-- This site is optimized with the Yoast SEO plugin v27.4 - https:\/\/yoast.com\/product\/yoast-seo-wordpress\/ -->\n<title>Infolettre Fondations - Mars 2024 | Fonds pour les habitations du march\u00e9 des Premi\u00e8res Nations<\/title>\n<meta name=\"robots\" content=\"index, follow, max-snippet:-1, max-image-preview:large, max-video-preview:-1\" \/>\n<link rel=\"canonical\" href=\"https:\/\/www.fnmhf.ca\/news-post\/foundations-newsletter-march-2024\/\" \/>\n<meta property=\"og:locale\" content=\"fr_FR\" \/>\n<meta property=\"og:type\" content=\"article\" \/>\n<meta property=\"og:title\" content=\"Infolettre Fondations - Mars 2024 | Fonds pour les habitations du march\u00e9 des Premi\u00e8res Nations\" \/>\n<meta property=\"og:description\" content=\"Bienvenue \u00e0 la derni\u00e8re \u00e9dition de notre bulletin d&rsquo;information, con\u00e7u pour vous tenir inform\u00e9 des d\u00e9veloppements r\u00e9cents, des initiatives et des histoires \u00e0 succ\u00e8s au sein du Fonds pour les...\" \/>\n<meta property=\"og:url\" content=\"https:\/\/www.fnmhf.ca\/news-post\/foundations-newsletter-march-2024\/\" \/>\n<meta property=\"og:site_name\" content=\"Fonds pour les habitations du march\u00e9 des Premi\u00e8res Nations\" \/>\n<meta property=\"article:modified_time\" content=\"2025-08-27T16:42:40+00:00\" \/>\n<meta property=\"og:image\" content=\"https:\/\/www.fnmhf.ca\/wp-content\/uploads\/2024\/04\/Mars_FR-1024x409.png\" \/>\n<meta name=\"twitter:card\" content=\"summary_large_image\" \/>\n<meta name=\"twitter:label1\" content=\"Est. reading time\" \/>\n\t<meta name=\"twitter:data1\" content=\"6 minutes\" \/>\n<script type=\"application\/ld+json\" class=\"yoast-schema-graph\">{\"@context\":\"https:\\\/\\\/schema.org\",\"@graph\":[{\"@type\":\"WebPage\",\"@id\":\"https:\\\/\\\/www.fnmhf.ca\\\/news-post\\\/foundations-newsletter-march-2024\\\/\",\"url\":\"https:\\\/\\\/www.fnmhf.ca\\\/news-post\\\/foundations-newsletter-march-2024\\\/\",\"name\":\"Infolettre Fondations - Mars 2024 | Fonds pour les habitations du march\u00e9 des Premi\u00e8res Nations\",\"isPartOf\":{\"@id\":\"https:\\\/\\\/www.fnmhf.ca\\\/#website\"},\"primaryImageOfPage\":{\"@id\":\"https:\\\/\\\/www.fnmhf.ca\\\/news-post\\\/foundations-newsletter-march-2024\\\/#primaryimage\"},\"image\":{\"@id\":\"https:\\\/\\\/www.fnmhf.ca\\\/news-post\\\/foundations-newsletter-march-2024\\\/#primaryimage\"},\"thumbnailUrl\":\"https:\\\/\\\/www.fnmhf.ca\\\/wp-content\\\/uploads\\\/2024\\\/04\\\/Mars_FR-1024x409.png\",\"datePublished\":\"2024-03-14T19:45:39+00:00\",\"dateModified\":\"2025-08-27T16:42:40+00:00\",\"breadcrumb\":{\"@id\":\"https:\\\/\\\/www.fnmhf.ca\\\/news-post\\\/foundations-newsletter-march-2024\\\/#breadcrumb\"},\"inLanguage\":\"fr-FR\",\"potentialAction\":[{\"@type\":\"ReadAction\",\"target\":[\"https:\\\/\\\/www.fnmhf.ca\\\/news-post\\\/foundations-newsletter-march-2024\\\/\"]}]},{\"@type\":\"ImageObject\",\"inLanguage\":\"fr-FR\",\"@id\":\"https:\\\/\\\/www.fnmhf.ca\\\/news-post\\\/foundations-newsletter-march-2024\\\/#primaryimage\",\"url\":\"https:\\\/\\\/www.fnmhf.ca\\\/wp-content\\\/uploads\\\/2024\\\/04\\\/Mars_FR-1024x409.png\",\"contentUrl\":\"https:\\\/\\\/www.fnmhf.ca\\\/wp-content\\\/uploads\\\/2024\\\/04\\\/Mars_FR-1024x409.png\"},{\"@type\":\"BreadcrumbList\",\"@id\":\"https:\\\/\\\/www.fnmhf.ca\\\/news-post\\\/foundations-newsletter-march-2024\\\/#breadcrumb\",\"itemListElement\":[{\"@type\":\"ListItem\",\"position\":1,\"name\":\"Accueil\",\"item\":\"https:\\\/\\\/www.fnmhf.ca\\\/fr\\\/\"},{\"@type\":\"ListItem\",\"position\":2,\"name\":\"News\",\"item\":\"https:\\\/\\\/www.fnmhf.ca\\\/news-post\\\/\"},{\"@type\":\"ListItem\",\"position\":3,\"name\":\"Infolettre Fondations &#8211; Mars 2024\"}]},{\"@type\":\"WebSite\",\"@id\":\"https:\\\/\\\/www.fnmhf.ca\\\/#website\",\"url\":\"https:\\\/\\\/www.fnmhf.ca\\\/\",\"name\":\"Fonds pour les habitations du march\u00e9 des Premi\u00e8res Nations\",\"description\":\"\",\"potentialAction\":[{\"@type\":\"SearchAction\",\"target\":{\"@type\":\"EntryPoint\",\"urlTemplate\":\"https:\\\/\\\/www.fnmhf.ca\\\/?s={search_term_string}\"},\"query-input\":{\"@type\":\"PropertyValueSpecification\",\"valueRequired\":true,\"valueName\":\"search_term_string\"}}],\"inLanguage\":\"fr-FR\"}]}<\/script>\n<!-- \/ Yoast SEO plugin. -->","yoast_head_json":{"title":"Infolettre Fondations - Mars 2024 | Fonds pour les habitations du march\u00e9 des Premi\u00e8res Nations","robots":{"index":"index","follow":"follow","max-snippet":"max-snippet:-1","max-image-preview":"max-image-preview:large","max-video-preview":"max-video-preview:-1"},"canonical":"https:\/\/www.fnmhf.ca\/news-post\/foundations-newsletter-march-2024\/","og_locale":"fr_FR","og_type":"article","og_title":"Infolettre Fondations - Mars 2024 | Fonds pour les habitations du march\u00e9 des Premi\u00e8res Nations","og_description":"Bienvenue \u00e0 la derni\u00e8re \u00e9dition de notre bulletin d&rsquo;information, con\u00e7u pour vous tenir inform\u00e9 des d\u00e9veloppements r\u00e9cents, des initiatives et des histoires \u00e0 succ\u00e8s au sein du Fonds pour les...","og_url":"https:\/\/www.fnmhf.ca\/news-post\/foundations-newsletter-march-2024\/","og_site_name":"Fonds pour les habitations du march\u00e9 des Premi\u00e8res Nations","article_modified_time":"2025-08-27T16:42:40+00:00","og_image":[{"url":"https:\/\/www.fnmhf.ca\/wp-content\/uploads\/2024\/04\/Mars_FR-1024x409.png","type":"","width":"","height":""}],"twitter_card":"summary_large_image","twitter_misc":{"Est. reading time":"6 minutes"},"schema":{"@context":"https:\/\/schema.org","@graph":[{"@type":"WebPage","@id":"https:\/\/www.fnmhf.ca\/news-post\/foundations-newsletter-march-2024\/","url":"https:\/\/www.fnmhf.ca\/news-post\/foundations-newsletter-march-2024\/","name":"Infolettre Fondations - Mars 2024 | Fonds pour les habitations du march\u00e9 des Premi\u00e8res Nations","isPartOf":{"@id":"https:\/\/www.fnmhf.ca\/#website"},"primaryImageOfPage":{"@id":"https:\/\/www.fnmhf.ca\/news-post\/foundations-newsletter-march-2024\/#primaryimage"},"image":{"@id":"https:\/\/www.fnmhf.ca\/news-post\/foundations-newsletter-march-2024\/#primaryimage"},"thumbnailUrl":"https:\/\/www.fnmhf.ca\/wp-content\/uploads\/2024\/04\/Mars_FR-1024x409.png","datePublished":"2024-03-14T19:45:39+00:00","dateModified":"2025-08-27T16:42:40+00:00","breadcrumb":{"@id":"https:\/\/www.fnmhf.ca\/news-post\/foundations-newsletter-march-2024\/#breadcrumb"},"inLanguage":"fr-FR","potentialAction":[{"@type":"ReadAction","target":["https:\/\/www.fnmhf.ca\/news-post\/foundations-newsletter-march-2024\/"]}]},{"@type":"ImageObject","inLanguage":"fr-FR","@id":"https:\/\/www.fnmhf.ca\/news-post\/foundations-newsletter-march-2024\/#primaryimage","url":"https:\/\/www.fnmhf.ca\/wp-content\/uploads\/2024\/04\/Mars_FR-1024x409.png","contentUrl":"https:\/\/www.fnmhf.ca\/wp-content\/uploads\/2024\/04\/Mars_FR-1024x409.png"},{"@type":"BreadcrumbList","@id":"https:\/\/www.fnmhf.ca\/news-post\/foundations-newsletter-march-2024\/#breadcrumb","itemListElement":[{"@type":"ListItem","position":1,"name":"Accueil","item":"https:\/\/www.fnmhf.ca\/fr\/"},{"@type":"ListItem","position":2,"name":"News","item":"https:\/\/www.fnmhf.ca\/news-post\/"},{"@type":"ListItem","position":3,"name":"Infolettre Fondations &#8211; Mars 2024"}]},{"@type":"WebSite","@id":"https:\/\/www.fnmhf.ca\/#website","url":"https:\/\/www.fnmhf.ca\/","name":"Fonds pour les habitations du march\u00e9 des Premi\u00e8res Nations","description":"","potentialAction":[{"@type":"SearchAction","target":{"@type":"EntryPoint","urlTemplate":"https:\/\/www.fnmhf.ca\/?s={search_term_string}"},"query-input":{"@type":"PropertyValueSpecification","valueRequired":true,"valueName":"search_term_string"}}],"inLanguage":"fr-FR"}]}},"_links":{"self":[{"href":"https:\/\/www.fnmhf.ca\/fr\/wp-json\/wp\/v2\/news-post\/1471","targetHints":{"allow":["GET"]}}],"collection":[{"href":"https:\/\/www.fnmhf.ca\/fr\/wp-json\/wp\/v2\/news-post"}],"about":[{"href":"https:\/\/www.fnmhf.ca\/fr\/wp-json\/wp\/v2\/types\/news-post"}],"version-history":[{"count":0,"href":"https:\/\/www.fnmhf.ca\/fr\/wp-json\/wp\/v2\/news-post\/1471\/revisions"}],"wp:attachment":[{"href":"https:\/\/www.fnmhf.ca\/fr\/wp-json\/wp\/v2\/media?parent=1471"}],"wp:term":[{"taxonomy":"is-featured","embeddable":true,"href":"https:\/\/www.fnmhf.ca\/fr\/wp-json\/wp\/v2\/is-featured?post=1471"},{"taxonomy":"news-category","embeddable":true,"href":"https:\/\/www.fnmhf.ca\/fr\/wp-json\/wp\/v2\/news-category?post=1471"},{"taxonomy":"news-type","embeddable":true,"href":"https:\/\/www.fnmhf.ca\/fr\/wp-json\/wp\/v2\/news-type?post=1471"}],"curies":[{"name":"wp","href":"https:\/\/api.w.org\/{rel}","templated":true}]}}