{"id":1702,"date":"2025-06-13T09:42:08","date_gmt":"2025-06-13T13:42:08","guid":{"rendered":"http:\/\/fnmhf-2025.local\/news-post\/message-du-directeur-general-juin-2025\/"},"modified":"2025-09-24T14:07:55","modified_gmt":"2025-09-24T18:07:55","slug":"message-from-the-ceo-june-2025-2","status":"publish","type":"news-post","link":"https:\/\/www.fnmhf.ca\/fr\/news-post\/message-from-the-ceo-june-2025-2\/","title":{"rendered":"Message du directeur g\u00e9n\u00e9ral \u2013 juin 2025"},"content":{"rendered":"<p>Chers membres et parties prenantes estim\u00e9s,<\/p>\n<p>Alors que nous cl\u00f4turons un autre trimestre, je suis heureux de vous faire part des principales mises \u00e0 jour et initiatives qui t\u00e9moignent de l\u2019engagement continu du Fonds \u00e0 soutenir les communaut\u00e9s des Premi\u00e8res Nations.<\/p>\n<p>Le deuxi\u00e8me trimestre a \u00e9t\u00e9 une p\u00e9riode productive et marquante pour notre \u00e9quipe. Au d\u00e9but du mois d\u2019avril, nous avons assist\u00e9 \u00e0 la conf\u00e9rence de NATOA (Association nationale des fiduciaires des Premi\u00e8res Nations) \u00e0 Winnipeg, o\u00f9 le fiduciaire Errol Wilson a particip\u00e9 \u00e0 une table ronde organis\u00e9e par les Services de fiducie autochtones de Gestion de patrimoine TD. Cette s\u00e9ance, intitul\u00e9e \u00ab Plans des fiduciaires pour les fiducies de demain \u00bb, portait sur des strat\u00e9gies prospectives en mati\u00e8re de gestion fiduciaire et sur la mani\u00e8re dont les fiduciaires peuvent rester efficaces et pertinents dans un contexte en constante \u00e9volution.<\/p>\n<p>Plus tard en avril, le personnel du Fonds et les fiduciaires se sont r\u00e9unis au casino mohawk d\u2019Akwesasne pour une s\u00e9ance de planification strat\u00e9gique de deux jours. Cet effort collaboratif a permis de rassembler une diversit\u00e9 de points de vue afin de tracer une voie vers l\u2019autonomie du Fonds. Les discussions ont port\u00e9 sur les r\u00e9percussions des r\u00e9formes, notre position actuelle sur le march\u00e9, les strat\u00e9gies d\u2019engagement r\u00e9gional, ainsi que les efforts en cours visant le transfert du FNMHF sous le contr\u00f4le des Premi\u00e8res Nations.<\/p>\n<p>En mai, j\u2019ai eu l\u2019honneur de participer \u00e0 une table ronde lors du <a href=\"https:\/\/www.sommet-financedurable.com\/fr\/accueil\" target=\"_blank\" rel=\"noreferrer noopener\">Sommet de la finance durable 2025<\/a> \u00e0 Montr\u00e9al. La s\u00e9ance, intitul\u00e9e \u00ab Reporting durable : un levier de transformation pour la finance mondiale \u00bb, a r\u00e9uni des leaders du secteur financier afin de discuter de l\u2019importance croissante des rapports en mati\u00e8re de durabilit\u00e9. J\u2019y ai pr\u00e9sent\u00e9 la mani\u00e8re dont le FNMHF, en tant que fiducie, int\u00e8gre les valeurs des Premi\u00e8res Nations dans sa politique de placement. J\u2019ai \u00e9galement abord\u00e9 la question de la r\u00e9conciliation avec les peuples des Premi\u00e8res Nations, un \u00e9l\u00e9ment qui devrait \u00eatre pris en compte dans l\u2019\u00e9laboration des normes ESG. Ce fut un privil\u00e8ge de contribuer \u00e0 cet \u00e9change essentiel.<\/p>\n<p>En regardant vers l\u2019avenir, nous sommes fiers de commanditer les <a href=\"https:\/\/www.2025misg.com\/\" target=\"_blank\" rel=\"noreferrer noopener\">Jeux d\u2019\u00e9t\u00e9 autochtones du Manitoba 2025<\/a>, qui se tiendront en juillet. Cette initiative s\u2019inscrit dans notre objectif de renforcer les liens avec la jeunesse autochtone et de sensibiliser la g\u00e9n\u00e9ration Z aux solutions d\u2019accession \u00e0 la propri\u00e9t\u00e9. Il s\u2019agit d\u2019une occasion strat\u00e9gique de renforcer l\u2019engagement dans la r\u00e9gion et de faire avancer la mission du Fonds.<\/p>\n<p>Cette saison s\u2019accompagne \u00e9galement d\u2019\u00e9v\u00e9nements cl\u00e9s qui nous permettront de consolider nos relations et de partager nos progr\u00e8s. Nous sommes ravis de participer \u00e0 l\u2019Assembl\u00e9e g\u00e9n\u00e9rale annuelle (AGA) de l\u2019Assembl\u00e9e des Premi\u00e8res Nations (APN) \u00e0 Winnipeg, et nous avons h\u00e2te d\u2019assister \u00e0 l\u2019assembl\u00e9e g\u00e9n\u00e9rale annuelle du Conseil consultatif des terres (CCT) en ao\u00fbt, \u00e9galement \u00e0 Winnipeg.<\/p>\n<p>Merci de votre soutien et de votre engagement continus. Nous vous invitons \u00e0 rester connect\u00e9s. Suivez-nous sur les r\u00e9seaux sociaux et communiquez avec notre \u00e9quipe pour en savoir plus sur les occasions et les ressources \u00e0 venir. Nous restons d\u00e9termin\u00e9s \u00e0 faire progresser vos objectifs et \u00e0 travailler ensemble pour favoriser l\u2019\u00e9panouissement des communaut\u00e9s des Premi\u00e8res Nations.<\/p>\n<p>Sinc\u00e8rement,<\/p>\n<p>Travis Seymour, FCPA, FCGA, MBA, CAFM<br \/>PDG, Fonds pour les habitations du march\u00e9 des Premi\u00e8res Nations<\/p>\n","protected":false},"excerpt":{"rendered":"<p>Chers membres et parties prenantes estim\u00e9s, Alors que nous cl\u00f4turons un autre trimestre, je suis heureux de vous faire part des principales mises \u00e0 jour et initiatives qui t\u00e9moignent de&#8230;<\/p>\n","protected":false},"featured_media":0,"template":"","meta":{"_acf_changed":false},"is-featured":[58],"news-category":[43],"news-type":[],"class_list":["post-1702","news-post","type-news-post","status-publish","hentry","is-featured-featured-fr","news-category-dg"],"acf":[],"yoast_head":"<!-- This site is optimized with the Yoast SEO plugin v27.4 - https:\/\/yoast.com\/product\/yoast-seo-wordpress\/ -->\n<title>Message du directeur g\u00e9n\u00e9ral \u2013 juin 2025 | Fonds pour les habitations du march\u00e9 des Premi\u00e8res Nations<\/title>\n<meta name=\"robots\" content=\"index, follow, max-snippet:-1, max-image-preview:large, max-video-preview:-1\" \/>\n<link rel=\"canonical\" href=\"https:\/\/www.fnmhf.ca\/news-post\/message-from-the-ceo-june-2025\/\" \/>\n<meta property=\"og:locale\" content=\"fr_FR\" \/>\n<meta property=\"og:type\" content=\"article\" \/>\n<meta property=\"og:title\" content=\"Message du directeur g\u00e9n\u00e9ral \u2013 juin 2025 | Fonds pour les habitations du march\u00e9 des Premi\u00e8res Nations\" \/>\n<meta property=\"og:description\" content=\"Chers membres et parties prenantes estim\u00e9s, Alors que nous cl\u00f4turons un autre trimestre, je suis heureux de vous faire part des principales mises \u00e0 jour et initiatives qui t\u00e9moignent de...\" \/>\n<meta property=\"og:url\" content=\"https:\/\/www.fnmhf.ca\/news-post\/message-from-the-ceo-june-2025\/\" \/>\n<meta property=\"og:site_name\" content=\"Fonds pour les habitations du march\u00e9 des Premi\u00e8res Nations\" \/>\n<meta property=\"article:modified_time\" content=\"2025-09-24T18:07:55+00:00\" \/>\n<meta name=\"twitter:card\" content=\"summary_large_image\" \/>\n<meta name=\"twitter:label1\" content=\"Est. reading time\" \/>\n\t<meta name=\"twitter:data1\" content=\"3 minutes\" \/>\n<script type=\"application\/ld+json\" class=\"yoast-schema-graph\">{\"@context\":\"https:\\\/\\\/schema.org\",\"@graph\":[{\"@type\":\"WebPage\",\"@id\":\"https:\\\/\\\/www.fnmhf.ca\\\/news-post\\\/message-from-the-ceo-june-2025\\\/\",\"url\":\"https:\\\/\\\/www.fnmhf.ca\\\/news-post\\\/message-from-the-ceo-june-2025\\\/\",\"name\":\"Message du directeur g\u00e9n\u00e9ral \u2013 juin 2025 | Fonds pour les habitations du march\u00e9 des Premi\u00e8res Nations\",\"isPartOf\":{\"@id\":\"https:\\\/\\\/www.fnmhf.ca\\\/#website\"},\"datePublished\":\"2025-06-13T13:42:08+00:00\",\"dateModified\":\"2025-09-24T18:07:55+00:00\",\"breadcrumb\":{\"@id\":\"https:\\\/\\\/www.fnmhf.ca\\\/news-post\\\/message-from-the-ceo-june-2025\\\/#breadcrumb\"},\"inLanguage\":\"fr-FR\",\"potentialAction\":[{\"@type\":\"ReadAction\",\"target\":[\"https:\\\/\\\/www.fnmhf.ca\\\/news-post\\\/message-from-the-ceo-june-2025\\\/\"]}]},{\"@type\":\"BreadcrumbList\",\"@id\":\"https:\\\/\\\/www.fnmhf.ca\\\/news-post\\\/message-from-the-ceo-june-2025\\\/#breadcrumb\",\"itemListElement\":[{\"@type\":\"ListItem\",\"position\":1,\"name\":\"Accueil\",\"item\":\"https:\\\/\\\/www.fnmhf.ca\\\/fr\\\/\"},{\"@type\":\"ListItem\",\"position\":2,\"name\":\"News\",\"item\":\"https:\\\/\\\/www.fnmhf.ca\\\/news-post\\\/\"},{\"@type\":\"ListItem\",\"position\":3,\"name\":\"Message du directeur g\u00e9n\u00e9ral \u2013 juin 2025\"}]},{\"@type\":\"WebSite\",\"@id\":\"https:\\\/\\\/www.fnmhf.ca\\\/#website\",\"url\":\"https:\\\/\\\/www.fnmhf.ca\\\/\",\"name\":\"Fonds pour les habitations du march\u00e9 des Premi\u00e8res Nations\",\"description\":\"\",\"potentialAction\":[{\"@type\":\"SearchAction\",\"target\":{\"@type\":\"EntryPoint\",\"urlTemplate\":\"https:\\\/\\\/www.fnmhf.ca\\\/?s={search_term_string}\"},\"query-input\":{\"@type\":\"PropertyValueSpecification\",\"valueRequired\":true,\"valueName\":\"search_term_string\"}}],\"inLanguage\":\"fr-FR\"}]}<\/script>\n<!-- \/ Yoast SEO plugin. -->","yoast_head_json":{"title":"Message du directeur g\u00e9n\u00e9ral \u2013 juin 2025 | Fonds pour les habitations du march\u00e9 des Premi\u00e8res Nations","robots":{"index":"index","follow":"follow","max-snippet":"max-snippet:-1","max-image-preview":"max-image-preview:large","max-video-preview":"max-video-preview:-1"},"canonical":"https:\/\/www.fnmhf.ca\/news-post\/message-from-the-ceo-june-2025\/","og_locale":"fr_FR","og_type":"article","og_title":"Message du directeur g\u00e9n\u00e9ral \u2013 juin 2025 | Fonds pour les habitations du march\u00e9 des Premi\u00e8res Nations","og_description":"Chers membres et parties prenantes estim\u00e9s, Alors que nous cl\u00f4turons un autre trimestre, je suis heureux de vous faire part des principales mises \u00e0 jour et initiatives qui t\u00e9moignent de...","og_url":"https:\/\/www.fnmhf.ca\/news-post\/message-from-the-ceo-june-2025\/","og_site_name":"Fonds pour les habitations du march\u00e9 des Premi\u00e8res Nations","article_modified_time":"2025-09-24T18:07:55+00:00","twitter_card":"summary_large_image","twitter_misc":{"Est. reading time":"3 minutes"},"schema":{"@context":"https:\/\/schema.org","@graph":[{"@type":"WebPage","@id":"https:\/\/www.fnmhf.ca\/news-post\/message-from-the-ceo-june-2025\/","url":"https:\/\/www.fnmhf.ca\/news-post\/message-from-the-ceo-june-2025\/","name":"Message du directeur g\u00e9n\u00e9ral \u2013 juin 2025 | Fonds pour les habitations du march\u00e9 des Premi\u00e8res Nations","isPartOf":{"@id":"https:\/\/www.fnmhf.ca\/#website"},"datePublished":"2025-06-13T13:42:08+00:00","dateModified":"2025-09-24T18:07:55+00:00","breadcrumb":{"@id":"https:\/\/www.fnmhf.ca\/news-post\/message-from-the-ceo-june-2025\/#breadcrumb"},"inLanguage":"fr-FR","potentialAction":[{"@type":"ReadAction","target":["https:\/\/www.fnmhf.ca\/news-post\/message-from-the-ceo-june-2025\/"]}]},{"@type":"BreadcrumbList","@id":"https:\/\/www.fnmhf.ca\/news-post\/message-from-the-ceo-june-2025\/#breadcrumb","itemListElement":[{"@type":"ListItem","position":1,"name":"Accueil","item":"https:\/\/www.fnmhf.ca\/fr\/"},{"@type":"ListItem","position":2,"name":"News","item":"https:\/\/www.fnmhf.ca\/news-post\/"},{"@type":"ListItem","position":3,"name":"Message du directeur g\u00e9n\u00e9ral \u2013 juin 2025"}]},{"@type":"WebSite","@id":"https:\/\/www.fnmhf.ca\/#website","url":"https:\/\/www.fnmhf.ca\/","name":"Fonds pour les habitations du march\u00e9 des Premi\u00e8res Nations","description":"","potentialAction":[{"@type":"SearchAction","target":{"@type":"EntryPoint","urlTemplate":"https:\/\/www.fnmhf.ca\/?s={search_term_string}"},"query-input":{"@type":"PropertyValueSpecification","valueRequired":true,"valueName":"search_term_string"}}],"inLanguage":"fr-FR"}]}},"_links":{"self":[{"href":"https:\/\/www.fnmhf.ca\/fr\/wp-json\/wp\/v2\/news-post\/1702","targetHints":{"allow":["GET"]}}],"collection":[{"href":"https:\/\/www.fnmhf.ca\/fr\/wp-json\/wp\/v2\/news-post"}],"about":[{"href":"https:\/\/www.fnmhf.ca\/fr\/wp-json\/wp\/v2\/types\/news-post"}],"version-history":[{"count":1,"href":"https:\/\/www.fnmhf.ca\/fr\/wp-json\/wp\/v2\/news-post\/1702\/revisions"}],"predecessor-version":[{"id":1879,"href":"https:\/\/www.fnmhf.ca\/fr\/wp-json\/wp\/v2\/news-post\/1702\/revisions\/1879"}],"wp:attachment":[{"href":"https:\/\/www.fnmhf.ca\/fr\/wp-json\/wp\/v2\/media?parent=1702"}],"wp:term":[{"taxonomy":"is-featured","embeddable":true,"href":"https:\/\/www.fnmhf.ca\/fr\/wp-json\/wp\/v2\/is-featured?post=1702"},{"taxonomy":"news-category","embeddable":true,"href":"https:\/\/www.fnmhf.ca\/fr\/wp-json\/wp\/v2\/news-category?post=1702"},{"taxonomy":"news-type","embeddable":true,"href":"https:\/\/www.fnmhf.ca\/fr\/wp-json\/wp\/v2\/news-type?post=1702"}],"curies":[{"name":"wp","href":"https:\/\/api.w.org\/{rel}","templated":true}]}}