{"id":1704,"date":"2025-06-16T11:23:40","date_gmt":"2025-06-16T15:23:40","guid":{"rendered":"http:\/\/fnmhf-2025.local\/news-post\/infolettre-fondations-juin-2025\/"},"modified":"2025-09-24T14:07:42","modified_gmt":"2025-09-24T18:07:42","slug":"foundations-newsletter-june-2025-2","status":"publish","type":"news-post","link":"https:\/\/www.fnmhf.ca\/fr\/news-post\/foundations-newsletter-june-2025-2\/","title":{"rendered":"Infolettre Fondations &#8211; Juin 2025"},"content":{"rendered":"\t\t<div data-elementor-type=\"wp-post\" data-elementor-id=\"1704\" class=\"elementor elementor-1704 elementor-1703\" data-elementor-post-type=\"news-post\">\n\t\t\t\t<div class=\"elementor-element elementor-element-eb032d9 e-con-full e-flex e-con e-parent\" data-id=\"eb032d9\" data-element_type=\"container\" data-e-type=\"container\">\n\t\t\t\t<div class=\"elementor-element elementor-element-5b9937d2 elementor-widget elementor-widget-image\" data-id=\"5b9937d2\" data-element_type=\"widget\" data-e-type=\"widget\" data-widget_type=\"image.default\">\n\t\t\t\t\t\t\t\t\t\t\t\t\t\t\t<img fetchpriority=\"high\" decoding=\"async\" width=\"800\" height=\"320\" src=\"https:\/\/www.fnmhf.ca\/wp-content\/uploads\/2025\/06\/June_FR-1024x409.png\" class=\"attachment-large size-large wp-image-1684\" alt=\"\" srcset=\"https:\/\/www.fnmhf.ca\/wp-content\/uploads\/2025\/06\/June_FR-1024x409.png 1024w, https:\/\/www.fnmhf.ca\/wp-content\/uploads\/2025\/06\/June_FR-1024x409-300x120.png 300w, https:\/\/www.fnmhf.ca\/wp-content\/uploads\/2025\/06\/June_FR-1024x409-768x307.png 768w\" sizes=\"(max-width: 800px) 100vw, 800px\" \/>\t\t\t\t\t\t\t\t\t\t\t\t\t\t\t<\/div>\n\t\t\t\t<div class=\"elementor-element elementor-element-56487376 elementor-widget elementor-widget-text-editor\" data-id=\"56487376\" data-element_type=\"widget\" data-e-type=\"widget\" data-widget_type=\"text-editor.default\">\n\t\t\t\t\t\t\t\t\t<p>Bienvenue \u00e0 la derni\u00e8re \u00e9dition de notre infolettre, con\u00e7u pour vous tenir inform\u00e9 des d\u00e9veloppements r\u00e9cents, des initiatives et des succ\u00e8s au sein du Fonds pour les habitations du march\u00e9 des Premi\u00e8res Nations (FHMPN).<\/p>\n<p>Nous sommes heureux de partager des mises \u00e0 jour sur la mani\u00e8re dont nous travaillons ensemble pour am\u00e9liorer les opportunit\u00e9s de logement pour les communaut\u00e9s des Premi\u00e8res Nations \u00e0 travers le pays. Plongeons dans les points saillants de ce trimestre :<\/p>\t\t\t\t\t\t\t\t<\/div>\n\t\t\t\t<\/div>\n\t\t<div class=\"elementor-element elementor-element-4b3269b0 e-con-full e-flex e-con e-parent\" data-id=\"4b3269b0\" data-element_type=\"container\" data-e-type=\"container\">\n\t\t\t\t<div class=\"elementor-element elementor-element-2b5b8eda elementor-widget elementor-widget-image\" data-id=\"2b5b8eda\" data-element_type=\"widget\" data-e-type=\"widget\" data-widget_type=\"image.default\">\n\t\t\t\t\t\t\t\t\t\t\t\t\t\t\t<img decoding=\"async\" width=\"800\" height=\"339\" src=\"https:\/\/www.fnmhf.ca\/wp-content\/uploads\/2024\/04\/Message-from-CEO_FR-1024x434.png\" class=\"attachment-large size-large wp-image-1390\" alt=\"\" srcset=\"https:\/\/www.fnmhf.ca\/wp-content\/uploads\/2024\/04\/Message-from-CEO_FR-1024x434.png 1024w, https:\/\/www.fnmhf.ca\/wp-content\/uploads\/2024\/04\/Message-from-CEO_FR-1024x434-300x127.png 300w, https:\/\/www.fnmhf.ca\/wp-content\/uploads\/2024\/04\/Message-from-CEO_FR-1024x434-768x326.png 768w\" sizes=\"(max-width: 800px) 100vw, 800px\" \/>\t\t\t\t\t\t\t\t\t\t\t\t\t\t\t<\/div>\n\t\t\t\t<div class=\"elementor-element elementor-element-30e130be elementor-widget elementor-widget-text-editor\" data-id=\"30e130be\" data-element_type=\"widget\" data-e-type=\"widget\" data-widget_type=\"text-editor.default\">\n\t\t\t\t\t\t\t\t\t<p>Chers membres et parties prenantes estim\u00e9s, Alors que nous cl\u00f4turons un autre trimestre, je suis heureux de vous faire part des principales mises \u00e0 jour et initiatives qui t\u00e9moignent de l\u2019engagement continu du Fonds \u00e0 soutenir les communaut\u00e9s des Premi\u00e8res Nations. Le deuxi\u00e8me trimestre a \u00e9t\u00e9 une p\u00e9riode productive et marquante pour notre \u00e9quipe. <a href=\"https:\/\/www.fnmhf.ca\/fr\/news-post\/message-from-the-ceo-june-2025-2\/\">EN SAVOIR PLUS ICI<\/a>.<\/p>\t\t\t\t\t\t\t\t<\/div>\n\t\t\t\t<\/div>\n\t\t<div class=\"elementor-element elementor-element-5b70e888 e-con-full e-flex e-con e-parent\" data-id=\"5b70e888\" data-element_type=\"container\" data-e-type=\"container\">\n\t\t\t\t<div class=\"elementor-element elementor-element-2f518155 elementor-widget elementor-widget-heading\" data-id=\"2f518155\" data-element_type=\"widget\" data-e-type=\"widget\" data-widget_type=\"heading.default\">\n\t\t\t\t\t<h2 class=\"elementor-heading-title elementor-size-default\">Session De Planification Strat\u00e9gique<\/h2>\t\t\t\t<\/div>\n\t\t<div class=\"elementor-element elementor-element-55d14bf2 e-con-full e-flex e-con e-child\" data-id=\"55d14bf2\" data-element_type=\"container\" data-e-type=\"container\">\n\t\t<div class=\"elementor-element elementor-element-d3dfcf5 e-con-full e-flex e-con e-child\" data-id=\"d3dfcf5\" data-element_type=\"container\" data-e-type=\"container\">\n\t\t\t\t<div class=\"elementor-element elementor-element-7eb9b114 elementor-widget__width-inherit elementor-widget elementor-widget-image\" data-id=\"7eb9b114\" data-element_type=\"widget\" data-e-type=\"widget\" data-widget_type=\"image.default\">\n\t\t\t\t\t\t\t\t\t\t\t\t\t\t\t<img decoding=\"async\" width=\"303\" height=\"228\" src=\"https:\/\/www.fnmhf.ca\/wp-content\/uploads\/2025\/06\/Casino.jpg\" class=\"attachment-full size-full wp-image-1663\" alt=\"\" srcset=\"https:\/\/www.fnmhf.ca\/wp-content\/uploads\/2025\/06\/Casino.jpg 303w, https:\/\/www.fnmhf.ca\/wp-content\/uploads\/2025\/06\/Casino-300x226.jpg 300w\" sizes=\"(max-width: 303px) 100vw, 303px\" \/>\t\t\t\t\t\t\t\t\t\t\t\t\t\t\t<\/div>\n\t\t\t\t<\/div>\n\t\t<div class=\"elementor-element elementor-element-23b4d01c e-con-full e-flex e-con e-child\" data-id=\"23b4d01c\" data-element_type=\"container\" data-e-type=\"container\">\n\t\t\t\t<div class=\"elementor-element elementor-element-1f745eec elementor-widget elementor-widget-text-editor\" data-id=\"1f745eec\" data-element_type=\"widget\" data-e-type=\"widget\" data-widget_type=\"text-editor.default\">\n\t\t\t\t\t\t\t\t\t<p>Au d\u00e9but du mois d\u2019avril, le personnel et les fiduciaires se sont r\u00e9unis au casino mohawk d\u2019Akwesasne pour participer \u00e0 une s\u00e9ance de planification strat\u00e9gique de deux jours, anim\u00e9e par <a href=\"https:\/\/cree8iveadvisory.com\/\">Cree8tive Advisory<\/a>.<\/p>\n<p>La session a examin\u00e9 de nombreux points cl\u00e9s, notamment :<\/p>\n<ul class=\"wp-block-list\">\n<li>les efforts de r\u00e9forme du Fonds et leur impact sur les objectifs strat\u00e9giques ;<\/li>\n<li>identifier la position du Fonds sur le march\u00e9 ;<\/li>\n<li>mettre l\u2019accent sur le marketing r\u00e9gional et l\u2019engagement;<\/li>\n<li>un examen des r\u00e9centes s\u00e9ances d\u2019engagement r\u00e9gionales ;<\/li>\n<li>des discussions sur le transfert de la gestion et du contr\u00f4le du Fonds aux Premi\u00e8res Nations<\/li>\n<\/ul>\t\t\t\t\t\t\t\t<\/div>\n\t\t\t\t<\/div>\n\t\t\t\t<\/div>\n\t\t\t\t<div class=\"elementor-element elementor-element-68eae8d1 elementor-widget elementor-widget-text-editor\" data-id=\"68eae8d1\" data-element_type=\"widget\" data-e-type=\"widget\" data-widget_type=\"text-editor.default\">\n\t\t\t\t\t\t\t\t\t<p>La session a r\u00e9uni des perspectives diversifi\u00e9es du personnel et de la direction pour d\u00e9velopper un plan plus complet vers l&rsquo;autosuffisance du Fonds afin de mieux servir les Premi\u00e8res Nations \u00e0 travers le pays. Nous avons h\u00e2te \u00e0 notre prochaine r\u00e9union en 2026 !<\/p>\t\t\t\t\t\t\t\t<\/div>\n\t\t\t\t<\/div>\n\t\t<div class=\"elementor-element elementor-element-57482c3 e-con-full e-flex e-con e-parent\" data-id=\"57482c3\" data-element_type=\"container\" data-e-type=\"container\">\n\t\t\t\t<div class=\"elementor-element elementor-element-7b7fb9cc elementor-widget elementor-widget-heading\" data-id=\"7b7fb9cc\" data-element_type=\"widget\" data-e-type=\"widget\" data-widget_type=\"heading.default\">\n\t\t\t\t\t<h2 class=\"elementor-heading-title elementor-size-default\">Conf\u00e9rences\n<\/h2>\t\t\t\t<\/div>\n\t\t\t\t<div class=\"elementor-element elementor-element-2c0abd39 elementor-widget elementor-widget-heading\" data-id=\"2c0abd39\" data-element_type=\"widget\" data-e-type=\"widget\" data-widget_type=\"heading.default\">\n\t\t\t\t\t<h3 class=\"elementor-heading-title elementor-size-default\">Conf\u00e9rence sur les Fiducies et les Investissements de NATOA\n<\/h3>\t\t\t\t<\/div>\n\t\t<div class=\"elementor-element elementor-element-3dd98ae6 e-con-full e-flex e-con e-child\" data-id=\"3dd98ae6\" data-element_type=\"container\" data-e-type=\"container\">\n\t\t<div class=\"elementor-element elementor-element-6d0b9800 e-con-full e-flex e-con e-child\" data-id=\"6d0b9800\" data-element_type=\"container\" data-e-type=\"container\">\n\t\t\t\t<div class=\"elementor-element elementor-element-59c93c1d elementor-widget elementor-widget-text-editor\" data-id=\"59c93c1d\" data-element_type=\"widget\" data-e-type=\"widget\" data-widget_type=\"text-editor.default\">\n\t\t\t\t\t\t\t\t\t<p>L&rsquo;\u00e9quipe a pass\u00e9 deux jours incroyables \u00e0 la Conf\u00e9rence sur les Fiducies et les Investissements de NATOA 2025 \u00e0 Winnipeg ! Cet \u00e9v\u00e9nement a rassembl\u00e9 des experts, des leaders d\u2019opinion et des professionnels autochtones engag\u00e9s \u00e0 assurer un avenir financier plus fort pour nos communaut\u00e9s.<\/p>\n<p>Faits saillants:<\/p>\n<ul>\n<li>L\u2019importance de la transparence et de la responsabilit\u00e9 dans la gestion des fiducies<\/li>\n<\/ul>\n<ul>\n<li>Des strat\u00e9gies pour \u00e9quilibrer risque, responsabilit\u00e9 et rendement<\/li>\n\n<li>Comment les valeurs autochtones peuvent influencer les cadres<br \/>d\u2019investissement modernes<\/li>\n\n<li>Le pouvoir de la planification<br \/>financi\u00e8re ax\u00e9e sur la communaut\u00e9<\/li>\n<\/ul>\t\t\t\t\t\t\t\t<\/div>\n\t\t\t\t<\/div>\n\t\t<div class=\"elementor-element elementor-element-3ed17136 e-con-full e-flex e-con e-child\" data-id=\"3ed17136\" data-element_type=\"container\" data-e-type=\"container\">\n\t\t\t\t<div class=\"elementor-element elementor-element-6df32859 elementor-widget__width-inherit elementor-widget elementor-widget-image\" data-id=\"6df32859\" data-element_type=\"widget\" data-e-type=\"widget\" data-widget_type=\"image.default\">\n\t\t\t\t\t\t\t\t\t\t\t\t\t\t\t<img loading=\"lazy\" decoding=\"async\" width=\"600\" height=\"450\" src=\"https:\/\/www.fnmhf.ca\/wp-content\/uploads\/2025\/06\/Image-10-1-edited.jpg\" class=\"attachment-full size-full wp-image-1665\" alt=\"\" srcset=\"https:\/\/www.fnmhf.ca\/wp-content\/uploads\/2025\/06\/Image-10-1-edited.jpg 600w, https:\/\/www.fnmhf.ca\/wp-content\/uploads\/2025\/06\/Image-10-1-edited-300x225.jpg 300w\" sizes=\"(max-width: 600px) 100vw, 600px\" \/>\t\t\t\t\t\t\t\t\t\t\t\t\t\t\t<\/div>\n\t\t\t\t<\/div>\n\t\t\t\t<\/div>\n\t\t\t\t<div class=\"elementor-element elementor-element-4e53e533 elementor-widget elementor-widget-text-editor\" data-id=\"4e53e533\" data-element_type=\"widget\" data-e-type=\"widget\" data-widget_type=\"text-editor.default\">\n\t\t\t\t\t\t\t\t\t<p>Un immense merci \u00e0 nos conf\u00e9renciers, pan\u00e9listes, commanditaires et participants pour avoir fait de cet \u00e9v\u00e9nement un succ\u00e8s ! Nous sommes inspir\u00e9s par votre engagement envers l\u2019autonomisation des b\u00e9n\u00e9ficiaires et la prosp\u00e9rit\u00e9 \u00e0 long terme.<\/p>\t\t\t\t\t\t\t\t<\/div>\n\t\t\t\t<\/div>\n\t\t<div class=\"elementor-element elementor-element-6d08b993 e-con-full e-flex e-con e-parent\" data-id=\"6d08b993\" data-element_type=\"container\" data-e-type=\"container\">\n\t\t\t\t<div class=\"elementor-element elementor-element-10cad694 elementor-widget elementor-widget-heading\" data-id=\"10cad694\" data-element_type=\"widget\" data-e-type=\"widget\" data-widget_type=\"heading.default\">\n\t\t\t\t\t<h2 class=\"elementor-heading-title elementor-size-default\">Sommet de la finance durable\n<\/h2>\t\t\t\t<\/div>\n\t\t<div class=\"elementor-element elementor-element-26d2fd55 e-con-full e-flex e-con e-child\" data-id=\"26d2fd55\" data-element_type=\"container\" data-e-type=\"container\">\n\t\t<div class=\"elementor-element elementor-element-27c39969 e-con-full e-flex e-con e-child\" data-id=\"27c39969\" data-element_type=\"container\" data-e-type=\"container\">\n\t\t\t\t<div class=\"elementor-element elementor-element-572c6573 elementor-widget__width-inherit elementor-widget elementor-widget-image\" data-id=\"572c6573\" data-element_type=\"widget\" data-e-type=\"widget\" data-widget_type=\"image.default\">\n\t\t\t\t\t\t\t\t\t\t\t\t\t\t\t<img loading=\"lazy\" decoding=\"async\" width=\"1024\" height=\"683\" src=\"https:\/\/www.fnmhf.ca\/wp-content\/uploads\/2025\/06\/05.13_TS-5-1024x683.jpg\" class=\"attachment-full size-full wp-image-1667\" alt=\"\" srcset=\"https:\/\/www.fnmhf.ca\/wp-content\/uploads\/2025\/06\/05.13_TS-5-1024x683.jpg 1024w, https:\/\/www.fnmhf.ca\/wp-content\/uploads\/2025\/06\/05.13_TS-5-1024x683-300x200.jpg 300w, https:\/\/www.fnmhf.ca\/wp-content\/uploads\/2025\/06\/05.13_TS-5-1024x683-768x512.jpg 768w\" sizes=\"(max-width: 1024px) 100vw, 1024px\" \/>\t\t\t\t\t\t\t\t\t\t\t\t\t\t\t<\/div>\n\t\t\t\t<\/div>\n\t\t<div class=\"elementor-element elementor-element-6e40d7ca e-con-full e-flex e-con e-child\" data-id=\"6e40d7ca\" data-element_type=\"container\" data-e-type=\"container\">\n\t\t\t\t<div class=\"elementor-element elementor-element-6b1beb3a elementor-widget elementor-widget-text-editor\" data-id=\"6b1beb3a\" data-element_type=\"widget\" data-e-type=\"widget\" data-widget_type=\"text-editor.default\">\n\t\t\t\t\t\t\t\t\t<p>Dans le cadre du <a href=\"https:\/\/www.sommet-financedurable.com\/fr\/accueil\">Sommet 2025 sur la finance durable <\/a>qui s\u2019est tenu \u00e0 Montr\u00e9al en mai, notre PDG, Travis Seymour, a particip\u00e9 \u00e0 une table ronde intitul\u00e9e Reporting durable : un levier de transformation pour la finance mondiale.<\/p>\n<p>La discussion a r\u00e9uni des leaders de l\u2019\u00e9cosyst\u00e8me financier pour explorer l\u2019\u00e9volution rapide du paysage de la divulgation en mati\u00e8re de durabilit\u00e9 et ses vastes implications. Travis a soulign\u00e9 le r\u00f4le essentiel d\u2019une divulgation claire et cr\u00e9dible pour soutenir \u00e0 la fois la reddition de comptes et la comp\u00e9titivit\u00e9 des entreprises canadiennes ainsi que les autres normes \u00e9mergentes.<\/p>\n<p>Vous pouvez visionner l\u2019int\u00e9gralit\u00e9 de la discussion <a href=\"https:\/\/www.youtube.com\/watch?v=sy7ghLnycJs\">ici<\/a> (en anglais seulement).<\/p>\t\t\t\t\t\t\t\t<\/div>\n\t\t\t\t<\/div>\n\t\t\t\t<\/div>\n\t\t\t\t<\/div>\n\t\t<div class=\"elementor-element elementor-element-7a98286e e-con-full e-flex e-con e-parent\" data-id=\"7a98286e\" data-element_type=\"container\" data-e-type=\"container\">\n\t\t\t\t<div class=\"elementor-element elementor-element-ba5da9c elementor-widget elementor-widget-heading\" data-id=\"ba5da9c\" data-element_type=\"widget\" data-e-type=\"widget\" data-widget_type=\"heading.default\">\n\t\t\t\t\t<h2 class=\"elementor-heading-title elementor-size-default\">Rassemblement r\u00e9gional de l\u2019Atlantique de l\u2019APHPN\n<\/h2>\t\t\t\t<\/div>\n\t\t<div class=\"elementor-element elementor-element-706dd799 e-con-full e-flex e-con e-child\" data-id=\"706dd799\" data-element_type=\"container\" data-e-type=\"container\">\n\t\t<div class=\"elementor-element elementor-element-1d111433 e-con-full e-flex e-con e-child\" data-id=\"1d111433\" data-element_type=\"container\" data-e-type=\"container\">\n\t\t\t\t<div class=\"elementor-element elementor-element-4ad58b6b elementor-widget elementor-widget-text-editor\" data-id=\"4ad58b6b\" data-element_type=\"widget\" data-e-type=\"widget\" data-widget_type=\"text-editor.default\">\n\t\t\t\t\t\t\t\t\t<p>Le Fonds \u00e9tait fier d\u2019assister au rassemblement r\u00e9gional de l\u2019Atlantique de l\u2019APHPN, tenu les 27 et 28 mai 2025 \u00e0 Truro, en Nouvelle-\u00c9cosse.<\/p>\n<p>Cet \u00e9v\u00e9nement a r\u00e9uni des professionnels du logement de toute la r\u00e9gion de l\u2019Atlantique pour partager leurs connaissances, encourager la collaboration et renforcer les r\u00e9seaux de soutien au logement des Premi\u00e8res Nations.<\/p>\n<p>Parmi les moments forts : le discours inspirant de Candace Bennett, directrice g\u00e9n\u00e9rale de l\u2019APHPN, qui a pr\u00e9sent\u00e9 sa vision de l\u2019avenir du logement des Premi\u00e8res Nations, ainsi qu\u2019un atelier captivant anim\u00e9 par Roxanne Harper sur les d\u00e9fis cl\u00e9s en mati\u00e8re de logement. Les participants ont \u00e9galement pu d\u00e9couvrir le nouvel outil d\u2019\u00e9valuation du logement et de cheminement d\u2019apprentissage de l\u2019APHPN \u2014 une ressource pr\u00e9cieuse pour le perfectionnement professionnel continu.<\/p>\t\t\t\t\t\t\t\t<\/div>\n\t\t\t\t<\/div>\n\t\t<div class=\"elementor-element elementor-element-5ae3489f e-con-full e-flex e-con e-child\" data-id=\"5ae3489f\" data-element_type=\"container\" data-e-type=\"container\">\n\t\t\t\t<div class=\"elementor-element elementor-element-6eff8fa0 elementor-widget__width-inherit elementor-widget elementor-widget-image\" data-id=\"6eff8fa0\" data-element_type=\"widget\" data-e-type=\"widget\" data-widget_type=\"image.default\">\n\t\t\t\t\t\t\t\t\t\t\t\t\t\t\t<img loading=\"lazy\" decoding=\"async\" width=\"1024\" height=\"1024\" src=\"https:\/\/www.fnmhf.ca\/wp-content\/uploads\/2025\/06\/05-29-2025_FNHPA_FR-1024x1024.png\" class=\"attachment-full size-full wp-image-1688\" alt=\"\" srcset=\"https:\/\/www.fnmhf.ca\/wp-content\/uploads\/2025\/06\/05-29-2025_FNHPA_FR-1024x1024.png 1024w, https:\/\/www.fnmhf.ca\/wp-content\/uploads\/2025\/06\/05-29-2025_FNHPA_FR-1024x1024-300x300.png 300w, https:\/\/www.fnmhf.ca\/wp-content\/uploads\/2025\/06\/05-29-2025_FNHPA_FR-1024x1024-150x150.png 150w, https:\/\/www.fnmhf.ca\/wp-content\/uploads\/2025\/06\/05-29-2025_FNHPA_FR-1024x1024-768x768.png 768w\" sizes=\"(max-width: 1024px) 100vw, 1024px\" \/>\t\t\t\t\t\t\t\t\t\t\t\t\t\t\t<\/div>\n\t\t\t\t<\/div>\n\t\t\t\t<\/div>\n\t\t\t\t<\/div>\n\t\t<div class=\"elementor-element elementor-element-7ac20005 e-con-full e-flex e-con e-parent\" data-id=\"7ac20005\" data-element_type=\"container\" data-e-type=\"container\">\n\t\t\t\t<div class=\"elementor-element elementor-element-2cf48de5 elementor-widget elementor-widget-heading\" data-id=\"2cf48de5\" data-element_type=\"widget\" data-e-type=\"widget\" data-widget_type=\"heading.default\">\n\t\t\t\t\t<h2 class=\"elementor-heading-title elementor-size-default\">Conf\u00e9rence sur le logement Waasnode\n<\/h2>\t\t\t\t<\/div>\n\t\t<div class=\"elementor-element elementor-element-25fdaa3a e-con-full e-flex e-con e-child\" data-id=\"25fdaa3a\" data-element_type=\"container\" data-e-type=\"container\">\n\t\t<div class=\"elementor-element elementor-element-4791758e e-con-full e-flex e-con e-child\" data-id=\"4791758e\" data-element_type=\"container\" data-e-type=\"container\">\n\t\t\t\t<div class=\"elementor-element elementor-element-3420f598 elementor-widget__width-inherit elementor-widget elementor-widget-image\" data-id=\"3420f598\" data-element_type=\"widget\" data-e-type=\"widget\" data-widget_type=\"image.default\">\n\t\t\t\t\t\t\t\t\t\t\t\t\t\t\t<img loading=\"lazy\" decoding=\"async\" width=\"1024\" height=\"768\" src=\"https:\/\/www.fnmhf.ca\/wp-content\/uploads\/2025\/06\/Waasnode-1024x768.png\" class=\"attachment-full size-full wp-image-1671\" alt=\"\" srcset=\"https:\/\/www.fnmhf.ca\/wp-content\/uploads\/2025\/06\/Waasnode-1024x768.png 1024w, https:\/\/www.fnmhf.ca\/wp-content\/uploads\/2025\/06\/Waasnode-1024x768-300x225.png 300w, https:\/\/www.fnmhf.ca\/wp-content\/uploads\/2025\/06\/Waasnode-1024x768-768x576.png 768w\" sizes=\"(max-width: 1024px) 100vw, 1024px\" \/>\t\t\t\t\t\t\t\t\t\t\t\t\t\t\t<\/div>\n\t\t\t\t<\/div>\n\t\t<div class=\"elementor-element elementor-element-4629308d e-con-full e-flex e-con e-child\" data-id=\"4629308d\" data-element_type=\"container\" data-e-type=\"container\">\n\t\t\t\t<div class=\"elementor-element elementor-element-2f95d4af elementor-widget elementor-widget-text-editor\" data-id=\"2f95d4af\" data-element_type=\"widget\" data-e-type=\"widget\" data-widget_type=\"text-editor.default\">\n\t\t\t\t\t\t\t\t\t<p>Plus t\u00f4t ce mois-ci, la Conf\u00e9rence sur le logement Waasnode a rassembl\u00e9 plus de 150 professionnels du logement, leaders communautaires et experts de l\u2019industrie pour deux journ\u00e9es bien remplies de partage de connaissances, de r\u00e9seautage et d\u2019innovation.<\/p>\n<p>Organis\u00e9 par les d\u00e9partements des services techniques de Mamaweswen, l\u2019\u00e9v\u00e9nement a accueilli des repr\u00e9sentantes et repr\u00e9sentants de 20 Premi\u00e8res Nations \u00e0 l\u2019h\u00f4tel Holiday Inn de Sudbury.<\/p>\n<p>Parmi les moments forts : une foire commerciale anim\u00e9e, des ateliers interactifs sur les technologies \u00e9mergentes, et des s\u00e9ances approfondies sur la science du b\u00e2timent et la durabilit\u00e9.<\/p>\n<p>L\u2019\u00e9nergie et la collaboration tout au long de la conf\u00e9rence ont r\u00e9affirm\u00e9 notre engagement collectif envers l\u2019excellence en logement dans nos Nations.<\/p>\t\t\t\t\t\t\t\t<\/div>\n\t\t\t\t<\/div>\n\t\t\t\t<\/div>\n\t\t\t\t<\/div>\n\t\t<div class=\"elementor-element elementor-element-7eac08b e-con-full e-flex e-con e-parent\" data-id=\"7eac08b\" data-element_type=\"container\" data-e-type=\"container\">\n\t\t\t\t<div class=\"elementor-element elementor-element-3968554f elementor-widget elementor-widget-image\" data-id=\"3968554f\" data-element_type=\"widget\" data-e-type=\"widget\" data-widget_type=\"image.default\">\n\t\t\t\t\t\t\t\t\t\t\t\t\t\t\t<img loading=\"lazy\" decoding=\"async\" width=\"800\" height=\"175\" src=\"https:\/\/www.fnmhf.ca\/wp-content\/uploads\/2024\/06\/Save-the-date_FR-1-1024x224.png\" class=\"attachment-large size-large wp-image-1436\" alt=\"Reservez la date\" srcset=\"https:\/\/www.fnmhf.ca\/wp-content\/uploads\/2024\/06\/Save-the-date_FR-1-1024x224.png 1024w, https:\/\/www.fnmhf.ca\/wp-content\/uploads\/2024\/06\/Save-the-date_FR-1-1024x224-300x66.png 300w, https:\/\/www.fnmhf.ca\/wp-content\/uploads\/2024\/06\/Save-the-date_FR-1-1024x224-768x168.png 768w\" sizes=\"(max-width: 800px) 100vw, 800px\" \/>\t\t\t\t\t\t\t\t\t\t\t\t\t\t\t<\/div>\n\t\t\t\t<div class=\"elementor-element elementor-element-f410c74 elementor-widget elementor-widget-text-editor\" data-id=\"f410c74\" data-element_type=\"widget\" data-e-type=\"widget\" data-widget_type=\"text-editor.default\">\n\t\t\t\t\t\t\t\t\t<p>Cet \u00e9t\u00e9, le Fonds participera aux conf\u00e9rences suivantes :<\/p>\n<ul class=\"wp-block-list\">\n<li>L\u2019AGA du CCT \u00e0 Winnipeg, du 27 au 28 ao\u00fbt<\/li>\n<li>L\u2019AGA de l\u2019APN \u00e0 Winnipeg, du 3 au 5 septembre<\/li>\n<\/ul>\n<p>Gardez un oeil sur notre\u00a0<a href=\"https:\/\/www.fnmhf.ca\/fr\/events\/\">page d\u2019\u00e9v\u00e9nements<\/a>\u00a0pour voir o\u00f9 nous nous rendrons ensuite !<\/p>\t\t\t\t\t\t\t\t<\/div>\n\t\t\t\t<\/div>\n\t\t<div class=\"elementor-element elementor-element-6dc36e14 e-con-full e-flex e-con e-parent\" data-id=\"6dc36e14\" data-element_type=\"container\" data-e-type=\"container\">\n\t\t\t\t<div class=\"elementor-element elementor-element-37b282c7 elementor-widget elementor-widget-heading\" data-id=\"37b282c7\" data-element_type=\"widget\" data-e-type=\"widget\" data-widget_type=\"heading.default\">\n\t\t\t\t\t<h2 class=\"elementor-heading-title elementor-size-default\">Jeux D\u2019\u00e9t\u00e9 Autochtones Du Manitoba 2025\n<\/h2>\t\t\t\t<\/div>\n\t\t<div class=\"elementor-element elementor-element-4f94094d e-con-full e-flex e-con e-child\" data-id=\"4f94094d\" data-element_type=\"container\" data-e-type=\"container\">\n\t\t<div class=\"elementor-element elementor-element-7893d40a e-con-full e-flex e-con e-child\" data-id=\"7893d40a\" data-element_type=\"container\" data-e-type=\"container\">\n\t\t\t\t<div class=\"elementor-element elementor-element-20ca6e86 elementor-widget elementor-widget-text-editor\" data-id=\"20ca6e86\" data-element_type=\"widget\" data-e-type=\"widget\" data-widget_type=\"text-editor.default\">\n\t\t\t\t\t\t\t\t\t<p>Nous sommes fiers d\u2019annoncer que le Fonds sera commanditaire des Jeux d\u2019\u00e9t\u00e9 autochtones du Manitoba 2025, qui se d\u00e9rouleront du 9 au 13 juillet 2025 \u00e0 Winnipeg, organis\u00e9s par la Nation crie de Norway House. Ces Jeux sont une c\u00e9l\u00e9bration de la jeunesse autochtone, de la culture et de l\u2019excellence sportive. Nous sommes enthousiastes \u00e0 l\u2019id\u00e9e de rencontrer de jeunes leaders et membres de la communaut\u00e9 venus de toute la r\u00e9gion.<\/p>\n<p>Pour en savoir plus : <a href=\"https:\/\/www.2025misg.com\/\">2025misg.com<\/a>.<\/p>\t\t\t\t\t\t\t\t<\/div>\n\t\t\t\t<\/div>\n\t\t<div class=\"elementor-element elementor-element-4c100edd e-con-full e-flex e-con e-child\" data-id=\"4c100edd\" data-element_type=\"container\" data-e-type=\"container\">\n\t\t\t\t<div class=\"elementor-element elementor-element-1e84b2c elementor-widget__width-inherit elementor-widget elementor-widget-image\" data-id=\"1e84b2c\" data-element_type=\"widget\" data-e-type=\"widget\" data-widget_type=\"image.default\">\n\t\t\t\t\t\t\t\t\t\t\t\t\t\t\t<img loading=\"lazy\" decoding=\"async\" width=\"527\" height=\"526\" src=\"https:\/\/www.fnmhf.ca\/wp-content\/uploads\/2025\/06\/MISG-logo.png\" class=\"attachment-full size-full wp-image-1673\" alt=\"\" srcset=\"https:\/\/www.fnmhf.ca\/wp-content\/uploads\/2025\/06\/MISG-logo.png 527w, https:\/\/www.fnmhf.ca\/wp-content\/uploads\/2025\/06\/MISG-logo-300x300.png 300w, https:\/\/www.fnmhf.ca\/wp-content\/uploads\/2025\/06\/MISG-logo-150x150.png 150w\" sizes=\"(max-width: 527px) 100vw, 527px\" \/>\t\t\t\t\t\t\t\t\t\t\t\t\t\t\t<\/div>\n\t\t\t\t<\/div>\n\t\t\t\t<\/div>\n\t\t\t\t<\/div>\n\t\t<div class=\"elementor-element elementor-element-307ac55 e-con-full e-flex e-con e-parent\" data-id=\"307ac55\" data-element_type=\"container\" data-e-type=\"container\">\n\t\t\t\t<div class=\"elementor-element elementor-element-19fd3420 elementor-widget elementor-widget-heading\" data-id=\"19fd3420\" data-element_type=\"widget\" data-e-type=\"widget\" data-widget_type=\"heading.default\">\n\t\t\t\t\t<h2 class=\"elementor-heading-title elementor-size-default\">ONDES 2025\n<\/h2>\t\t\t\t<\/div>\n\t\t<div class=\"elementor-element elementor-element-62061659 e-con-full e-flex e-con e-child\" data-id=\"62061659\" data-element_type=\"container\" data-e-type=\"container\">\n\t\t<div class=\"elementor-element elementor-element-5292db5d e-con-full e-flex e-con e-child\" data-id=\"5292db5d\" data-element_type=\"container\" data-e-type=\"container\">\n\t\t\t\t<div class=\"elementor-element elementor-element-666a5d09 elementor-widget__width-inherit elementor-widget elementor-widget-image\" data-id=\"666a5d09\" data-element_type=\"widget\" data-e-type=\"widget\" data-widget_type=\"image.default\">\n\t\t\t\t\t\t\t\t\t\t\t\t\t\t\t<img loading=\"lazy\" decoding=\"async\" width=\"590\" height=\"587\" src=\"https:\/\/www.fnmhf.ca\/wp-content\/uploads\/2025\/06\/Waves_FR.png\" class=\"attachment-full size-full wp-image-1690\" alt=\"WAVES 2025\" srcset=\"https:\/\/www.fnmhf.ca\/wp-content\/uploads\/2025\/06\/Waves_FR.png 590w, https:\/\/www.fnmhf.ca\/wp-content\/uploads\/2025\/06\/Waves_FR-300x298.png 300w, https:\/\/www.fnmhf.ca\/wp-content\/uploads\/2025\/06\/Waves_FR-150x150.png 150w\" sizes=\"(max-width: 590px) 100vw, 590px\" \/>\t\t\t\t\t\t\t\t\t\t\t\t\t\t\t<\/div>\n\t\t\t\t<\/div>\n\t\t<div class=\"elementor-element elementor-element-44a067e2 e-con-full e-flex e-con e-child\" data-id=\"44a067e2\" data-element_type=\"container\" data-e-type=\"container\">\n\t\t\t\t<div class=\"elementor-element elementor-element-2070faf5 elementor-widget elementor-widget-text-editor\" data-id=\"2070faf5\" data-element_type=\"widget\" data-e-type=\"widget\" data-widget_type=\"text-editor.default\">\n\t\t\t\t\t\t\t\t\t<p><strong>\u00c0 vos calendriers : du 11 au 14 ao\u00fbt !<\/strong><\/p>\n<p>Ne manquez pas cette occasion unique de vous inscrire gratuitement \u00e0 une conf\u00e9rence d\u2019envergure. ONDES 2025, organis\u00e9e par le Bureau du commissaire aux langues autochtones, est un sommet mondial sur les langues autochtones. Il vise \u00e0 promouvoir, c\u00e9l\u00e9brer et d\u00e9fendre les langues autochtones, ainsi qu\u2019\u00e0 soutenir les peuples autochtones du Canada et du monde entier dans la revitalisation, la pr\u00e9servation et la transmission de leurs langues.<\/p>\n<p><a href=\"https:\/\/na.eventscloud.com\/website\/81167\/fre\/home\/\">Cliquez ici pour en savoir plus.<\/a><\/p>\t\t\t\t\t\t\t\t<\/div>\n\t\t\t\t<\/div>\n\t\t\t\t<\/div>\n\t\t\t\t<\/div>\n\t\t<div class=\"elementor-element elementor-element-48aedb12 e-con-full e-flex e-con e-parent\" data-id=\"48aedb12\" data-element_type=\"container\" data-e-type=\"container\">\n\t\t\t\t<div class=\"elementor-element elementor-element-3ef6af6c elementor-widget elementor-widget-heading\" data-id=\"3ef6af6c\" data-element_type=\"widget\" data-e-type=\"widget\" data-widget_type=\"heading.default\">\n\t\t\t\t\t<h2 class=\"elementor-heading-title elementor-size-default\">Rapport Annuel 2024\n<\/h2>\t\t\t\t<\/div>\n\t\t<div class=\"elementor-element elementor-element-403f2ba8 e-con-full e-flex e-con e-child\" data-id=\"403f2ba8\" data-element_type=\"container\" data-e-type=\"container\">\n\t\t<div class=\"elementor-element elementor-element-6988463a e-con-full e-flex e-con e-child\" data-id=\"6988463a\" data-element_type=\"container\" data-e-type=\"container\">\n\t\t\t\t<div class=\"elementor-element elementor-element-2067cfe6 elementor-widget elementor-widget-text-editor\" data-id=\"2067cfe6\" data-element_type=\"widget\" data-e-type=\"widget\" data-widget_type=\"text-editor.default\">\n\t\t\t\t\t\t\t\t\t<p>Notre rapport annuel 2024, intitul\u00e9 <em>Notre Fonds. Notre avenir. Chez nous.<\/em>, est maintenant disponible sur notre site Web.<\/p>\n<p>Ce rapport met en valeur des actions concr\u00e8tes et des progr\u00e8s audacieux vers notre vision de la prosp\u00e9rit\u00e9 des Premi\u00e8res Nations par l\u2019accession \u00e0 la propri\u00e9t\u00e9, y compris des \u00e9tapes importantes dans le transfert de la gestion du Fonds aux Premi\u00e8res Nations.<\/p>\n<p>D\u00e9couvrez des r\u00e9cits d\u2019impact, des donn\u00e9es financi\u00e8res et notre soutien aux communaut\u00e9s \u00e0 travers des outils favorisant l\u2019autonomie \u00e9conomique et l\u2019ind\u00e9pendance en mati\u00e8re de logement.<\/p>\n<p>Le rapport est enti\u00e8rement bilingue et offert en version t\u00e9l\u00e9chargeable ou imprimable. <a href=\"http:\/\/Le%20rapport%20est%20enti%C3%A8rement%20bilingue%20et%20offert%20en%20version%20t%C3%A9l%C3%A9chargeable%20ou%20imprimable.%20Lisez-le%20maintenant.\">Lisez-le maintenant.<\/a><\/p>\t\t\t\t\t\t\t\t<\/div>\n\t\t\t\t<\/div>\n\t\t<div class=\"elementor-element elementor-element-7b947a35 e-con-full e-flex e-con e-child\" data-id=\"7b947a35\" data-element_type=\"container\" data-e-type=\"container\">\n\t\t\t\t<div class=\"elementor-element elementor-element-5e5793f6 elementor-widget elementor-widget-image\" data-id=\"5e5793f6\" data-element_type=\"widget\" data-e-type=\"widget\" data-widget_type=\"image.default\">\n\t\t\t\t\t\t\t\t\t\t\t\t\t\t\t<img loading=\"lazy\" decoding=\"async\" width=\"1024\" height=\"793\" src=\"https:\/\/www.fnmhf.ca\/wp-content\/uploads\/2025\/06\/06-09-25_AnnualReport_FR-1024x793.png\" class=\"attachment-full size-full wp-image-1692\" alt=\"\" srcset=\"https:\/\/www.fnmhf.ca\/wp-content\/uploads\/2025\/06\/06-09-25_AnnualReport_FR-1024x793.png 1024w, https:\/\/www.fnmhf.ca\/wp-content\/uploads\/2025\/06\/06-09-25_AnnualReport_FR-1024x793-300x232.png 300w, https:\/\/www.fnmhf.ca\/wp-content\/uploads\/2025\/06\/06-09-25_AnnualReport_FR-1024x793-768x595.png 768w\" sizes=\"(max-width: 1024px) 100vw, 1024px\" \/>\t\t\t\t\t\t\t\t\t\t\t\t\t\t\t<\/div>\n\t\t\t\t<\/div>\n\t\t\t\t<\/div>\n\t\t\t\t<\/div>\n\t\t<div class=\"elementor-element elementor-element-4a79c7b0 e-con-full e-flex e-con e-parent\" data-id=\"4a79c7b0\" data-element_type=\"container\" data-e-type=\"container\">\n\t\t\t\t<div class=\"elementor-element elementor-element-691538de elementor-widget elementor-widget-heading\" data-id=\"691538de\" data-element_type=\"widget\" data-e-type=\"widget\" data-widget_type=\"heading.default\">\n\t\t\t\t\t<h2 class=\"elementor-heading-title elementor-size-default\">Suivez-nous Sur Bluesky\n<\/h2>\t\t\t\t<\/div>\n\t\t<div class=\"elementor-element elementor-element-2c957e9f e-con-full e-flex e-con e-child\" data-id=\"2c957e9f\" data-element_type=\"container\" data-e-type=\"container\">\n\t\t<div class=\"elementor-element elementor-element-7a49793e e-con-full e-flex e-con e-child\" data-id=\"7a49793e\" data-element_type=\"container\" data-e-type=\"container\">\n\t\t\t\t<div class=\"elementor-element elementor-element-30b83ea2 elementor-widget__width-inherit elementor-widget elementor-widget-image\" data-id=\"30b83ea2\" data-element_type=\"widget\" data-e-type=\"widget\" data-widget_type=\"image.default\">\n\t\t\t\t\t\t\t\t\t\t\t\t\t\t\t<img loading=\"lazy\" decoding=\"async\" width=\"474\" height=\"418\" src=\"https:\/\/www.fnmhf.ca\/wp-content\/uploads\/2025\/06\/OIP-3.jpg\" class=\"attachment-full size-full wp-image-1679\" alt=\"\" srcset=\"https:\/\/www.fnmhf.ca\/wp-content\/uploads\/2025\/06\/OIP-3.jpg 474w, https:\/\/www.fnmhf.ca\/wp-content\/uploads\/2025\/06\/OIP-3-300x265.jpg 300w\" sizes=\"(max-width: 474px) 100vw, 474px\" \/>\t\t\t\t\t\t\t\t\t\t\t\t\t\t\t<\/div>\n\t\t\t\t<\/div>\n\t\t<div class=\"elementor-element elementor-element-4095b8bf e-con-full e-flex e-con e-child\" data-id=\"4095b8bf\" data-element_type=\"container\" data-e-type=\"container\">\n\t\t\t\t<div class=\"elementor-element elementor-element-146363c1 elementor-widget elementor-widget-text-editor\" data-id=\"146363c1\" data-element_type=\"widget\" data-e-type=\"widget\" data-widget_type=\"text-editor.default\">\n\t\t\t\t\t\t\t\t\t<p>Le Fonds fait maintenant partie de la communaut\u00e9 Bluesky!<\/p>\n\n<p>Suivez-nous (<a href=\"https:\/\/bsky.app\/profile\/fnmhf.bsky.social\">@fnmhf.bsky.social<\/a>) pour des nouvelles et des coulisses li\u00e9es aux initiatives de logement autochtone.<\/p>\n\n<p>Soyez parmi les premiers \u00e0 nous rejoindre sur Bluesky alors que nous partageons notre parcours vers des communaut\u00e9s plus fortes !<\/p>\t\t\t\t\t\t\t\t<\/div>\n\t\t\t\t<\/div>\n\t\t\t\t<\/div>\n\t\t\t\t<\/div>\n\t\t<div class=\"elementor-element elementor-element-1e19687b e-con-full e-flex e-con e-parent\" data-id=\"1e19687b\" data-element_type=\"container\" data-e-type=\"container\">\n\t\t\t\t<div class=\"elementor-element elementor-element-b396d44 elementor-widget elementor-widget-image\" data-id=\"b396d44\" data-element_type=\"widget\" data-e-type=\"widget\" data-widget_type=\"image.default\">\n\t\t\t\t\t\t\t\t\t\t\t\t\t\t\t<img loading=\"lazy\" decoding=\"async\" width=\"800\" height=\"117\" src=\"https:\/\/www.fnmhf.ca\/wp-content\/uploads\/2025\/06\/Hours_FR-1024x150.png\" class=\"attachment-large size-large wp-image-1694\" alt=\"Horaire des f\u00eates\" srcset=\"https:\/\/www.fnmhf.ca\/wp-content\/uploads\/2025\/06\/Hours_FR-1024x150.png 1024w, https:\/\/www.fnmhf.ca\/wp-content\/uploads\/2025\/06\/Hours_FR-1024x150-300x44.png 300w, https:\/\/www.fnmhf.ca\/wp-content\/uploads\/2025\/06\/Hours_FR-1024x150-768x113.png 768w\" sizes=\"(max-width: 800px) 100vw, 800px\" \/>\t\t\t\t\t\t\t\t\t\t\t\t\t\t\t<\/div>\n\t\t\t\t<div class=\"elementor-element elementor-element-5155a81 elementor-widget elementor-widget-text-editor\" data-id=\"5155a81\" data-element_type=\"widget\" data-e-type=\"widget\" data-widget_type=\"text-editor.default\">\n\t\t\t\t\t\t\t\t\t<p>Veuillez noter que le Fonds sera ferm\u00e9 les dates suivantes :<\/p>\n<ul class=\"wp-block-list\">\n<li>Le vendredi 20 juin (\u00e0 l\u2019occasion de la Journ\u00e9e nationale des peuples autochtones)<\/li>\n<li>Le mardi 1e juillet (f\u00eate du Canada)<\/li>\n<li>Le lundi 4 ao\u00fbt (Cong\u00e9 civique)<\/li>\n<li>Le lundi 1e septembre (f\u00eate du Travail)<\/li>\n<\/ul>\t\t\t\t\t\t\t\t<\/div>\n\t\t\t\t<\/div>\n\t\t<div class=\"elementor-element elementor-element-1a5e7445 e-con-full e-flex e-con e-parent\" data-id=\"1a5e7445\" data-element_type=\"container\" data-e-type=\"container\">\n\t\t\t\t<div class=\"elementor-element elementor-element-7b30b200 elementor-widget elementor-widget-image\" data-id=\"7b30b200\" data-element_type=\"widget\" data-e-type=\"widget\" data-widget_type=\"image.default\">\n\t\t\t\t\t\t\t\t\t\t\t\t\t\t\t<img loading=\"lazy\" decoding=\"async\" width=\"800\" height=\"117\" src=\"https:\/\/www.fnmhf.ca\/wp-content\/uploads\/2024\/09\/Rester-connecte-1-1024x150.png\" class=\"attachment-large size-large wp-image-1537\" alt=\"Rester Connect\u00e9\" srcset=\"https:\/\/www.fnmhf.ca\/wp-content\/uploads\/2024\/09\/Rester-connecte-1-1024x150.png 1024w, https:\/\/www.fnmhf.ca\/wp-content\/uploads\/2024\/09\/Rester-connecte-1-1024x150-300x44.png 300w, https:\/\/www.fnmhf.ca\/wp-content\/uploads\/2024\/09\/Rester-connecte-1-1024x150-768x113.png 768w\" sizes=\"(max-width: 800px) 100vw, 800px\" \/>\t\t\t\t\t\t\t\t\t\t\t\t\t\t\t<\/div>\n\t\t\t\t<div class=\"elementor-element elementor-element-7d3cc2b7 elementor-widget elementor-widget-text-editor\" data-id=\"7d3cc2b7\" data-element_type=\"widget\" data-e-type=\"widget\" data-widget_type=\"text-editor.default\">\n\t\t\t\t\t\t\t\t\t<p>Nous esp\u00e9rons que cette infolettre vous tient inform\u00e9(e), inspir\u00e9(e) et engag\u00e9(e) dans le travail en cours du Fonds. Votre soutien et votre engagement jouent un r\u00f4le essentiel dans la cr\u00e9ation de solutions de logement durables pour les communaut\u00e9s des Premi\u00e8res Nations.<\/p>\n<p>Si vous avez des questions, des commentaires ou des opportunit\u00e9s de partenariat passionnantes que vous aimeriez explorer, n\u2019h\u00e9sitez pas \u00e0 nous contacter. Nous sommes l\u00e0 pour \u00e9couter et collaborer, et vous pouvez contacter notre \u00e9quipe \u00e0 l\u2019adresse <a href=\"mailto:info@fnmhf.ca\">info@fnmhf.ca<\/a>.<\/p>\n<p>Restez inform\u00e9(e) en vous connectant avec nous sur nos r\u00e9seaux sociaux pour des mises \u00e0 jour, des aper\u00e7us en coulisses et un contenu stimulant qui suscite des conversations significatives au sein de notre communaut\u00e9.<\/p>\n<p>Si vous appr\u00e9ciez les id\u00e9es et les r\u00e9cits que nous partageons dans cette infolettre, pourquoi ne pas en faire profiter les autres ? Invitez vos amis et coll\u00e8gues \u00e0 rejoindre notre communaut\u00e9 en <a href=\"https:\/\/fnmhf.us13.list-manage.com\/subscribe?u=ef9511ec45f76e5200445e3d9&amp;id=e3067b7f37\">s&rsquo;abonnant \u00e0 notre l\u2019infolettre<\/a>.<\/p>\t\t\t\t\t\t\t\t<\/div>\n\t\t\t\t<\/div>\n\t\t\t\t<\/div>\n\t\t","protected":false},"excerpt":{"rendered":"<p>Bienvenue \u00e0 la derni\u00e8re \u00e9dition de notre infolettre, con\u00e7u pour vous tenir inform\u00e9 des d\u00e9veloppements r\u00e9cents, des initiatives et des succ\u00e8s au sein du Fonds pour les habitations du march\u00e9&#8230;<\/p>\n","protected":false},"featured_media":0,"template":"","meta":{"_acf_changed":false},"is-featured":[58],"news-category":[47,44],"news-type":[],"class_list":["post-1704","news-post","type-news-post","status-publish","hentry","is-featured-featured-fr","news-category-infolettres","news-category-nouvelles"],"acf":[],"yoast_head":"<!-- This site is optimized with the Yoast SEO plugin v27.4 - https:\/\/yoast.com\/product\/yoast-seo-wordpress\/ -->\n<title>Infolettre Fondations - Juin 2025 | Fonds pour les habitations du march\u00e9 des Premi\u00e8res Nations<\/title>\n<meta name=\"robots\" content=\"index, follow, max-snippet:-1, max-image-preview:large, max-video-preview:-1\" \/>\n<link rel=\"canonical\" href=\"https:\/\/www.fnmhf.ca\/news-post\/foundations-newsletter-june-2025\/\" \/>\n<meta property=\"og:locale\" content=\"fr_FR\" \/>\n<meta property=\"og:type\" content=\"article\" \/>\n<meta property=\"og:title\" content=\"Infolettre Fondations - Juin 2025 | Fonds pour les habitations du march\u00e9 des Premi\u00e8res Nations\" \/>\n<meta property=\"og:description\" content=\"Bienvenue \u00e0 la derni\u00e8re \u00e9dition de notre infolettre, con\u00e7u pour vous tenir inform\u00e9 des d\u00e9veloppements r\u00e9cents, des initiatives et des succ\u00e8s au sein du Fonds pour les habitations du march\u00e9...\" \/>\n<meta property=\"og:url\" content=\"https:\/\/www.fnmhf.ca\/news-post\/foundations-newsletter-june-2025\/\" \/>\n<meta property=\"og:site_name\" content=\"Fonds pour les habitations du march\u00e9 des Premi\u00e8res Nations\" \/>\n<meta property=\"article:modified_time\" content=\"2025-09-24T18:07:42+00:00\" \/>\n<meta property=\"og:image\" content=\"https:\/\/www.fnmhf.ca\/wp-content\/uploads\/2025\/06\/June_FR-1024x409.png\" \/>\n<meta name=\"twitter:card\" content=\"summary_large_image\" \/>\n<meta name=\"twitter:label1\" content=\"Est. reading time\" \/>\n\t<meta name=\"twitter:data1\" content=\"7 minutes\" \/>\n<script type=\"application\/ld+json\" class=\"yoast-schema-graph\">{\"@context\":\"https:\\\/\\\/schema.org\",\"@graph\":[{\"@type\":\"WebPage\",\"@id\":\"https:\\\/\\\/www.fnmhf.ca\\\/news-post\\\/foundations-newsletter-june-2025\\\/\",\"url\":\"https:\\\/\\\/www.fnmhf.ca\\\/news-post\\\/foundations-newsletter-june-2025\\\/\",\"name\":\"Infolettre Fondations - Juin 2025 | Fonds pour les habitations du march\u00e9 des Premi\u00e8res Nations\",\"isPartOf\":{\"@id\":\"https:\\\/\\\/www.fnmhf.ca\\\/#website\"},\"primaryImageOfPage\":{\"@id\":\"https:\\\/\\\/www.fnmhf.ca\\\/news-post\\\/foundations-newsletter-june-2025\\\/#primaryimage\"},\"image\":{\"@id\":\"https:\\\/\\\/www.fnmhf.ca\\\/news-post\\\/foundations-newsletter-june-2025\\\/#primaryimage\"},\"thumbnailUrl\":\"https:\\\/\\\/www.fnmhf.ca\\\/wp-content\\\/uploads\\\/2025\\\/06\\\/June_FR-1024x409.png\",\"datePublished\":\"2025-06-16T15:23:40+00:00\",\"dateModified\":\"2025-09-24T18:07:42+00:00\",\"breadcrumb\":{\"@id\":\"https:\\\/\\\/www.fnmhf.ca\\\/news-post\\\/foundations-newsletter-june-2025\\\/#breadcrumb\"},\"inLanguage\":\"fr-FR\",\"potentialAction\":[{\"@type\":\"ReadAction\",\"target\":[\"https:\\\/\\\/www.fnmhf.ca\\\/news-post\\\/foundations-newsletter-june-2025\\\/\"]}]},{\"@type\":\"ImageObject\",\"inLanguage\":\"fr-FR\",\"@id\":\"https:\\\/\\\/www.fnmhf.ca\\\/news-post\\\/foundations-newsletter-june-2025\\\/#primaryimage\",\"url\":\"https:\\\/\\\/www.fnmhf.ca\\\/wp-content\\\/uploads\\\/2025\\\/06\\\/June_FR-1024x409.png\",\"contentUrl\":\"https:\\\/\\\/www.fnmhf.ca\\\/wp-content\\\/uploads\\\/2025\\\/06\\\/June_FR-1024x409.png\"},{\"@type\":\"BreadcrumbList\",\"@id\":\"https:\\\/\\\/www.fnmhf.ca\\\/news-post\\\/foundations-newsletter-june-2025\\\/#breadcrumb\",\"itemListElement\":[{\"@type\":\"ListItem\",\"position\":1,\"name\":\"Accueil\",\"item\":\"https:\\\/\\\/www.fnmhf.ca\\\/fr\\\/\"},{\"@type\":\"ListItem\",\"position\":2,\"name\":\"News\",\"item\":\"https:\\\/\\\/www.fnmhf.ca\\\/news-post\\\/\"},{\"@type\":\"ListItem\",\"position\":3,\"name\":\"Infolettre Fondations &#8211; Juin 2025\"}]},{\"@type\":\"WebSite\",\"@id\":\"https:\\\/\\\/www.fnmhf.ca\\\/#website\",\"url\":\"https:\\\/\\\/www.fnmhf.ca\\\/\",\"name\":\"Fonds pour les habitations du march\u00e9 des Premi\u00e8res Nations\",\"description\":\"\",\"potentialAction\":[{\"@type\":\"SearchAction\",\"target\":{\"@type\":\"EntryPoint\",\"urlTemplate\":\"https:\\\/\\\/www.fnmhf.ca\\\/?s={search_term_string}\"},\"query-input\":{\"@type\":\"PropertyValueSpecification\",\"valueRequired\":true,\"valueName\":\"search_term_string\"}}],\"inLanguage\":\"fr-FR\"}]}<\/script>\n<!-- \/ Yoast SEO plugin. -->","yoast_head_json":{"title":"Infolettre Fondations - Juin 2025 | Fonds pour les habitations du march\u00e9 des Premi\u00e8res Nations","robots":{"index":"index","follow":"follow","max-snippet":"max-snippet:-1","max-image-preview":"max-image-preview:large","max-video-preview":"max-video-preview:-1"},"canonical":"https:\/\/www.fnmhf.ca\/news-post\/foundations-newsletter-june-2025\/","og_locale":"fr_FR","og_type":"article","og_title":"Infolettre Fondations - Juin 2025 | Fonds pour les habitations du march\u00e9 des Premi\u00e8res Nations","og_description":"Bienvenue \u00e0 la derni\u00e8re \u00e9dition de notre infolettre, con\u00e7u pour vous tenir inform\u00e9 des d\u00e9veloppements r\u00e9cents, des initiatives et des succ\u00e8s au sein du Fonds pour les habitations du march\u00e9...","og_url":"https:\/\/www.fnmhf.ca\/news-post\/foundations-newsletter-june-2025\/","og_site_name":"Fonds pour les habitations du march\u00e9 des Premi\u00e8res Nations","article_modified_time":"2025-09-24T18:07:42+00:00","og_image":[{"url":"https:\/\/www.fnmhf.ca\/wp-content\/uploads\/2025\/06\/June_FR-1024x409.png","type":"","width":"","height":""}],"twitter_card":"summary_large_image","twitter_misc":{"Est. reading time":"7 minutes"},"schema":{"@context":"https:\/\/schema.org","@graph":[{"@type":"WebPage","@id":"https:\/\/www.fnmhf.ca\/news-post\/foundations-newsletter-june-2025\/","url":"https:\/\/www.fnmhf.ca\/news-post\/foundations-newsletter-june-2025\/","name":"Infolettre Fondations - Juin 2025 | Fonds pour les habitations du march\u00e9 des Premi\u00e8res Nations","isPartOf":{"@id":"https:\/\/www.fnmhf.ca\/#website"},"primaryImageOfPage":{"@id":"https:\/\/www.fnmhf.ca\/news-post\/foundations-newsletter-june-2025\/#primaryimage"},"image":{"@id":"https:\/\/www.fnmhf.ca\/news-post\/foundations-newsletter-june-2025\/#primaryimage"},"thumbnailUrl":"https:\/\/www.fnmhf.ca\/wp-content\/uploads\/2025\/06\/June_FR-1024x409.png","datePublished":"2025-06-16T15:23:40+00:00","dateModified":"2025-09-24T18:07:42+00:00","breadcrumb":{"@id":"https:\/\/www.fnmhf.ca\/news-post\/foundations-newsletter-june-2025\/#breadcrumb"},"inLanguage":"fr-FR","potentialAction":[{"@type":"ReadAction","target":["https:\/\/www.fnmhf.ca\/news-post\/foundations-newsletter-june-2025\/"]}]},{"@type":"ImageObject","inLanguage":"fr-FR","@id":"https:\/\/www.fnmhf.ca\/news-post\/foundations-newsletter-june-2025\/#primaryimage","url":"https:\/\/www.fnmhf.ca\/wp-content\/uploads\/2025\/06\/June_FR-1024x409.png","contentUrl":"https:\/\/www.fnmhf.ca\/wp-content\/uploads\/2025\/06\/June_FR-1024x409.png"},{"@type":"BreadcrumbList","@id":"https:\/\/www.fnmhf.ca\/news-post\/foundations-newsletter-june-2025\/#breadcrumb","itemListElement":[{"@type":"ListItem","position":1,"name":"Accueil","item":"https:\/\/www.fnmhf.ca\/fr\/"},{"@type":"ListItem","position":2,"name":"News","item":"https:\/\/www.fnmhf.ca\/news-post\/"},{"@type":"ListItem","position":3,"name":"Infolettre Fondations &#8211; Juin 2025"}]},{"@type":"WebSite","@id":"https:\/\/www.fnmhf.ca\/#website","url":"https:\/\/www.fnmhf.ca\/","name":"Fonds pour les habitations du march\u00e9 des Premi\u00e8res Nations","description":"","potentialAction":[{"@type":"SearchAction","target":{"@type":"EntryPoint","urlTemplate":"https:\/\/www.fnmhf.ca\/?s={search_term_string}"},"query-input":{"@type":"PropertyValueSpecification","valueRequired":true,"valueName":"search_term_string"}}],"inLanguage":"fr-FR"}]}},"_links":{"self":[{"href":"https:\/\/www.fnmhf.ca\/fr\/wp-json\/wp\/v2\/news-post\/1704","targetHints":{"allow":["GET"]}}],"collection":[{"href":"https:\/\/www.fnmhf.ca\/fr\/wp-json\/wp\/v2\/news-post"}],"about":[{"href":"https:\/\/www.fnmhf.ca\/fr\/wp-json\/wp\/v2\/types\/news-post"}],"version-history":[{"count":18,"href":"https:\/\/www.fnmhf.ca\/fr\/wp-json\/wp\/v2\/news-post\/1704\/revisions"}],"predecessor-version":[{"id":1930,"href":"https:\/\/www.fnmhf.ca\/fr\/wp-json\/wp\/v2\/news-post\/1704\/revisions\/1930"}],"wp:attachment":[{"href":"https:\/\/www.fnmhf.ca\/fr\/wp-json\/wp\/v2\/media?parent=1704"}],"wp:term":[{"taxonomy":"is-featured","embeddable":true,"href":"https:\/\/www.fnmhf.ca\/fr\/wp-json\/wp\/v2\/is-featured?post=1704"},{"taxonomy":"news-category","embeddable":true,"href":"https:\/\/www.fnmhf.ca\/fr\/wp-json\/wp\/v2\/news-category?post=1704"},{"taxonomy":"news-type","embeddable":true,"href":"https:\/\/www.fnmhf.ca\/fr\/wp-json\/wp\/v2\/news-type?post=1704"}],"curies":[{"name":"wp","href":"https:\/\/api.w.org\/{rel}","templated":true}]}}